{"id":3385,"date":"2025-01-05T20:23:44","date_gmt":"2025-01-05T19:23:44","guid":{"rendered":"http:\/\/monikagungl.com\/rohkost-ernaehrung-tagesplan\/"},"modified":"2025-03-01T13:47:08","modified_gmt":"2025-03-01T12:47:08","slug":"elo-nyers-taplalkozas-napi-terv","status":"publish","type":"post","link":"https:\/\/monikagungl.com\/hu\/elo-nyers-taplalkozas-napi-terv\/","title":{"rendered":"\u00c9l\u0151 t\u00e1pl\u00e1lkoz\u00e1si \u00e9trend: Mit egy\u00e9l eg\u00e9sz nap?"},"content":{"rendered":"\n<p>21 napos \u00e9l\u0151 t\u00e1pl\u00e1lkoz\u00e1s kih\u00edv\u00e1s<\/p>\n\n\n\n<p><strong>Hogyan k\u00e9sz\u00edtsek \u00e9l\u0151 t\u00e1pl\u00e1lkoz\u00e1s napi tervet?<\/strong> Tippek \u00e9s tr\u00fckk\u00f6k egy energikus mindennaphoz. Szeretn\u00e9l t\u00f6bbet megtudni az \u00e9l\u0151 \u00e9telekr\u0151l? <strong>\u00c9l\u0151 t\u00e1pl\u00e1lkoz\u00e1s: Vissza a term\u00e9szethez \u00e9s az eg\u00e9szs\u00e9ghez.<\/strong><\/p>\n\n\n\n<figure class=\"wp-block-image size-full\"><img loading=\"lazy\" decoding=\"async\" width=\"1366\" height=\"768\" src=\"https:\/\/monikagungl.com\/wp-content\/uploads\/eloe-nyers-taplalkozasi-piramis.avif\" alt=\"\u00c9l\u0151, nyers t\u00e1pl\u00e1lkoz\u00e1si piramis\" class=\"wp-image-8792\" srcset=\"https:\/\/monikagungl.com\/wp-content\/uploads\/eloe-nyers-taplalkozasi-piramis.avif 1366w, https:\/\/monikagungl.com\/wp-content\/uploads\/eloe-nyers-taplalkozasi-piramis-960x540.avif 960w, https:\/\/monikagungl.com\/wp-content\/uploads\/eloe-nyers-taplalkozasi-piramis-768x432.avif 768w, https:\/\/monikagungl.com\/wp-content\/uploads\/eloe-nyers-taplalkozasi-piramis-600x337.avif 600w\" sizes=\"auto, (max-width: 1366px) 100vw, 1366px\" \/><\/figure>\n\n\n\n<h2 class=\"wp-block-heading\"><strong>Nyers \u00e9trend napi terv: Tippek egy eg\u00e9szs\u00e9ges naphoz<\/strong><\/h2>\n\n\n\n<p>Egy hossz\u00fa t\u00e1v\u00fa \u00e9trendtervhez \u00e9s r\u00e9szletes inform\u00e1ci\u00f3khoz a javasolt, illetve ker\u00fclend\u0151 \u00e9telekr\u0151l tekintsd meg az \u00e9n \u00e9l\u0151 t\u00e1pl\u00e1lkoz\u00e1s \u00e9trendtervemet.<\/p>\n\n\n\n<p>Szeretn\u00e9l t\u00f6bbet megtudni az \u00e9l\u0151 t\u00e1pl\u00e1lkoz\u00e1sr\u00f3l? <strong><a href=\"https:\/\/monikagungl.com\/hu\/a-nyers-vegan-eletmod-elonyei\/\" data-type=\"post\" data-id=\"3657\">\u00c9l\u0151 t\u00e1pl\u00e1lkoz\u00e1s<\/a>: <a href=\"https:\/\/monikagungl.com\/hu\/kulonbseg-vegetarianus-vegan-nyers-vegan\/\" data-type=\"post\" data-id=\"3904\">Vissza a term\u00e9szethez \u00e9s az eg\u00e9szs\u00e9ghez<\/a>.<\/strong><\/p>\n\n\n\n<p>A nyerst\u00e1pl\u00e1lkoz\u00e1s egyre n\u00e9pszer\u0171bb\u00e9 v\u00e1lik. Sokan keresnek olyan m\u00f3dszereket, amelyekkel jav\u00edthatj\u00e1k \u00e9trendj\u00fcket, t\u00f6bb energi\u00e1t nyerhetnek, \u00e9s eg\u00e9szs\u00e9gesebben \u00e9lhetnek. Egy \u00e9l\u0151 t\u00e1pl\u00e1lkoz\u00e1si \u00e9trendterv kiv\u00e1l\u00f3 lehet\u0151s\u00e9g lehet erre. A nyers\u00e9telek a legeg\u00e9szs\u00e9gesebbek.<\/p>\n\n\n\n<p>Ebben a cikkemben r\u00e9szletesen megmutatom melyek a <a href=\"https:\/\/monikagungl.com\/hu\/a-nyers-vegan-eletmod-elonyei\/\" data-type=\"post\" data-id=\"3657\">nyers t\u00e1pl\u00e1lkoz\u00e1s el\u0151nyei<\/a>, mit fogyassz \u00e9s mit ne, ha a nyers\u00e9tkez\u00e9st v\u00e1lasztod.<\/p>\n\n\n\n<h2 class=\"wp-block-heading\"><strong>Mi\u00e9rt \u00e9l\u0151 t\u00e1pl\u00e1lkoz\u00e1s?<\/strong><\/h2>\n\n\n\n<p>Az \u00e9l\u0151 t\u00e1pl\u00e1lkoz\u00e1s olyan \u00e9teleket tartalmaz, amelyeket nem hev\u00edtenek 42 \u00b0C f\u00f6l\u00e9. Ez azt jelenti, hogy meg\u0151rzik az \u00f6sszes term\u00e9szetes t\u00e1panyagukat, enzimjeiket \u00e9s vitaminjaikat. Ide tartozik a friss gy\u00fcm\u00f6lcs, z\u00f6lds\u00e9g, magvak, cs\u00edr\u00e1k, vadn\u00f6v\u00e9nyek \u00e9s n\u00e9h\u00e1ny ferment\u00e1lt \u00e9tel. A nyers \u00e9telek fogyaszt\u00e1s\u00e1val sz\u00e1mos eg\u00e9szs\u00e9g\u00fcgyi el\u0151ny \u00e9rhet\u0151 el, p\u00e9ld\u00e1ul jobb em\u00e9szt\u00e9s, t\u00f6bb energia \u00e9s er\u0151sebb immunrendszer.<\/p>\n\n\n\n<p><strong>K\u00edv\u00e1ncsi vagy, milyen eg\u00e9szs\u00e9g\u00fcgyi <a href=\"https:\/\/monikagungl.com\/hu\/a-nyers-vegan-eletmod-elonyei\/\" data-type=\"post\" data-id=\"3657\">el\u0151ny\u00f6kkel j\u00e1r az \u00e9l\u0151 t\u00e1pl\u00e1lkoz\u00e1s<\/a>?<\/strong> Tudj meg t\u00f6bbet arr\u00f3l, hogyan jav\u00edthatja az em\u00e9szt\u00e9sedet, n\u00f6velheti az energiaszintedet, \u00e9s er\u0151s\u00edtheti az immunrendszered: <strong>Az \u00e9l\u0151 t\u00e1pl\u00e1lkoz\u00e1s tudom\u00e1nya \u00e9s el\u0151nyei<\/strong>.<\/p>\n\n\n\n<h2 class=\"wp-block-heading\"><strong>Milyen hat\u00e1sai vannak az \u00e9l\u0151 t\u00e1pl\u00e1lkoz\u00e1snak?<\/strong><\/h2>\n\n\n\n<p>A nyers \u00e9telek fogyaszt\u00e1s\u00e1nak hat\u00e1sai elt\u00e9r\u0151ek lehetnek, de sokan besz\u00e1molnak a k\u00f6vetkez\u0151kr\u0151l:<\/p>\n\n\n\n<ul class=\"wp-block-list\">\n<li>N\u00f6vekv\u0151 energiaszint<\/li>\n\n\n\n<li>Jobb em\u00e9szt\u00e9s<\/li>\n\n\n\n<li>Szebb b\u0151r<\/li>\n\n\n\n<li>S\u00falycs\u00f6kken\u00e9s<\/li>\n\n\n\n<li>\u00c1ltal\u00e1nos j\u00f3 k\u00f6z\u00e9rzet<\/li>\n<\/ul>\n\n\n\n<h2 class=\"wp-block-heading\"><strong>\u00c9l\u0151 t\u00e1pl\u00e1lkoz\u00e1s napi terv<\/strong><\/h2>\n\n\n\n<h3 class=\"wp-block-heading has-text-align-left\"><em><strong>Reggeli<\/strong><\/em>:<\/h3>\n\n\n\n<p>Kezdd a napot egy <a href=\"https:\/\/monikagungl.com\/hu\/vitalkost-rezepte\/zold-spenot-smoothie\/\" data-type=\"vitalkost-rezepte\" data-id=\"4554\">z\u00f6ld smoothie<\/a>-val \u2013 t\u00f6k\u00e9letes indul\u00e1s t\u00f6bb energia \u00e9s j\u00f3 k\u00f6z\u00e9rzet \u00e9rdek\u00e9ben! Keverj \u00f6ssze friss spen\u00f3tot, zellersz\u00e1rat, egy alm\u00e1t, egy ban\u00e1nt \u00e9s egy kev\u00e9s vizet. Ez a t\u00e1panyagokban gazdag smoothie seg\u00edt a szervezetednek optim\u00e1lisan kezdeni a napot.<\/p>\n\n\n\n<p><strong><a href=\"https:\/\/monikagungl.com\/hu\/a-smoothie-hatasai\/\" data-type=\"post\" data-id=\"4548\">A smoothie hat\u00e1sai<\/a><\/strong><br>A z\u00f6ld smoothie-k t\u00e1mogatj\u00e1k az em\u00e9szt\u00e9st, seg\u00edtik a szervezet tisztul\u00e1s\u00e1t, \u00e9s extra adag t\u00e1panyagokat biztos\u00edtanak.<\/p>\n\n\n\n<p><strong>Turb\u00f3zd fel smoothie-dat szuper\u00e9telekkel!<\/strong><br>Eg\u00e9sz\u00edtsd ki a smoothie-d <a href=\"https:\/\/monikagungl.com\/hu\/algak-a-superfoodok\/\" data-type=\"post\" data-id=\"3902\">szuper\u00e9telekkel<\/a>, p\u00e9ld\u00e1ul chia maggal, maca gy\u00f6k\u00e9rrel vagy moring\u00e1val, hogy m\u00e9g t\u00f6bb eg\u00e9szs\u00e9ges t\u00e1panyagot adj hozz\u00e1.<\/p>\n\n\n\n<h3 class=\"wp-block-heading\"><strong>A smoothie hat\u00e1sai<\/strong><\/h3>\n\n\n\n<p><strong>Turb\u00f3zd fel smoothie-dat szuper\u00e9telekkel!<\/strong><br>Eg\u00e9sz\u00edtsd ki a smoothie-d <a href=\"https:\/\/monikagungl.com\/hu\/mik-azok-a-superfoodok\/\" data-type=\"post\" data-id=\"3382\">szuper\u00e9telekkel<\/a>, hogy m\u00e9g t\u00f6bb eg\u00e9szs\u00e9ges t\u00e1panyagot adj hozz\u00e1. Pr\u00f3b\u00e1ld ki p\u00e9ld\u00e1ul a chia magot, a maca gy\u00f6keret vagy a moring\u00e1t, mint szuper\u00e9telek.<\/p>\n\n\n\n<p><strong><a href=\"https:\/\/monikagungl.com\/hu\/algak-a-superfoodok\/\" data-type=\"post\" data-id=\"3902\">Alg\u00e1k<\/a>: az extra vitalit\u00e1s\u00e9rt<\/strong><br>Az <a href=\"https:\/\/monikagungl.com\/hu\/algak-a-superfoodok\/\" data-type=\"post\" data-id=\"3902\">algaterm\u00e9kek<\/a> ide\u00e1lis kieg\u00e9sz\u00edt\u0151k, hogy smoothie-dat alapvet\u0151 aminosavakkal, \u00e1sv\u00e1nyi anyagokkal \u00e9s antioxid\u00e1nsokkal gazdag\u00edtsd. Min\u0151s\u00e9gi algaterm\u00e9keket itt tal\u00e1lhatsz.<\/p>\n\n\n\n<p><strong>Nyers \u00e9telek a maxim\u00e1lis frissess\u00e9g\u00e9rt<\/strong><br>Ha extra \u00e9l\u0151 t\u00e1pl\u00e1lkoz\u00e1si er\u0151t szeretn\u00e9l adni a smoothie-dhoz, adj hozz\u00e1 nyers \u00e9telp\u00f3tl\u00f3 port vagy m\u00e1s term\u00e9szetes \u00f6sszetev\u0151ket. Fedezd fel az \u00e9l\u0151 t\u00e1pl\u00e1lkoz\u00e1si kieg\u00e9sz\u00edt\u0151ket, \u00e9s alak\u00edtsd smoothie-dat val\u00f3di t\u00e1panyagbomb\u00e1v\u00e1!<\/p>\n\n\n\n<p><strong>M\u00e1sodik v\u00e1ltozat<\/strong>: Chia puding gy\u00fcm\u00f6lcs\u00f6kkel, magvakkal \u00e9s di\u00f3f\u00e9l\u00e9kkel. <\/p>\n\n\n\n<figure class=\"wp-block-image size-full\"><img loading=\"lazy\" decoding=\"async\" width=\"800\" height=\"448\" src=\"https:\/\/monikagungl.com\/wp-content\/uploads\/zoeld-nyers-smoothie-zoeldleveles-zoeldsegekkel-es-gyuemoelcsoekkel-1-1.webp\" alt=\"Z\u00f6ld, nyers smoothie, z\u00f6ldleveles z\u00f6lds\u00e9gekkel \u00e9s gy\u00fcm\u00f6lcs\u00f6kkel\" class=\"wp-image-8807\" srcset=\"https:\/\/monikagungl.com\/wp-content\/uploads\/zoeld-nyers-smoothie-zoeldleveles-zoeldsegekkel-es-gyuemoelcsoekkel-1-1.webp 800w, https:\/\/monikagungl.com\/wp-content\/uploads\/zoeld-nyers-smoothie-zoeldleveles-zoeldsegekkel-es-gyuemoelcsoekkel-1-1-768x430.webp 768w, https:\/\/monikagungl.com\/wp-content\/uploads\/zoeld-nyers-smoothie-zoeldleveles-zoeldsegekkel-es-gyuemoelcsoekkel-1-1-600x336.webp 600w\" sizes=\"auto, (max-width: 800px) 100vw, 800px\" \/><\/figure>\n\n\n\n<h3 class=\"wp-block-heading\"><em><strong>D\u00e9lel\u0151tt<\/strong><\/em>:<\/h3>\n\n\n\n<p>Egy t\u00e1lka bogy\u00f3s<a href=\"http:\/\/gy\u00fcm\u00f6lcs\u00f6k\"> <\/a><a href=\"https:\/\/monikagungl.com\/hu\/mennyi-feherjet-tartalmaznak-a-gyumolcsok\/\" data-type=\"post\" data-id=\"3381\">gy\u00fcm\u00f6lcs\u00f6k<\/a> \u00e9s magvak elegend\u0151 energi\u00e1t adnak az eb\u00e9dig.<\/p>\n\n\n\n<h3 class=\"wp-block-heading\"><strong><em>Eb\u00e9d<\/em>:<\/strong><\/h3>\n\n\n\n<p>Egy sz\u00ednes sal\u00e1ta k\u00fcl\u00f6nb\u00f6z\u0151 z\u00f6lds\u00e9gekb\u0151l, avok\u00e1d\u00f3b\u00f3l, <a href=\"https:\/\/monikagungl.com\/hu\/a-csirak-vilaga\/\" data-type=\"post\" data-id=\"3387\">cs\u00edr\u00e1kb\u00f3l<\/a> \u00e9s egy v\u00e1lasztott nyers \u00f6ntettel.<\/p>\n\n\n\n<figure class=\"wp-block-image size-full\"><img loading=\"lazy\" decoding=\"async\" width=\"800\" height=\"448\" src=\"https:\/\/monikagungl.com\/wp-content\/uploads\/bogyosgyuemoelcsoek-diok-nyerstaplalkozas1-1.webp\" alt=\"bogy\u00f3s gy\u00fcm\u00f6lcs\u00f6k , di\u00f3f\u00e9l\u00e9k, nyerst\u00e1pl\u00e1lkoz\u00e1si napi men\u00fc\" class=\"wp-image-8798\" srcset=\"https:\/\/monikagungl.com\/wp-content\/uploads\/bogyosgyuemoelcsoek-diok-nyerstaplalkozas1-1.webp 800w, https:\/\/monikagungl.com\/wp-content\/uploads\/bogyosgyuemoelcsoek-diok-nyerstaplalkozas1-1-768x430.webp 768w, https:\/\/monikagungl.com\/wp-content\/uploads\/bogyosgyuemoelcsoek-diok-nyerstaplalkozas1-1-600x336.webp 600w\" sizes=\"auto, (max-width: 800px) 100vw, 800px\" \/><\/figure>\n\n\n\n<h3 class=\"wp-block-heading\"><em><strong>Uzsonna<\/strong><\/em>:<\/h3>\n\n\n\n<p>Nyers z\u00f6lds\u00e9gek, p\u00e9ld\u00e1ul s\u00e1rgar\u00e9pa, zellersz\u00e1r \u00e9s paprika nyers humusszal vagy m\u00e1s m\u00e1rtogat\u00f3ssal (<a href=\"https:\/\/monikagungl.com\/hu\/vitalkost-rezepte\/sajatkeszitesu-nyers-vegan-ketchup\/\" data-type=\"vitalkost-rezepte\" data-id=\"3473\">ketchup,<\/a> <a href=\"https:\/\/monikagungl.com\/hu\/vitalkost-rezepte\/nyers-vegan-mustar-recept\/\" data-type=\"vitalkost-rezepte\" data-id=\"3471\">must\u00e1r<\/a>, <a href=\"https:\/\/monikagungl.com\/hu\/vitalkost-rezepte\/hazi-keszitesue-nyers-vegan-majonez\/\" data-type=\"vitalkost-rezepte\" data-id=\"3472\">majon\u00e9z<\/a>).<\/p>\n\n\n\n<figure class=\"wp-block-image size-full\"><img loading=\"lazy\" decoding=\"async\" width=\"800\" height=\"514\" src=\"https:\/\/monikagungl.com\/wp-content\/uploads\/nyers-taplalkozasi-terv-zoeldseg-es-dip-2-1.webp\" alt=\"Nyerst\u00e1pl\u00e1lkoz\u00e1s, napi men\u00fc\" class=\"wp-image-8805\" srcset=\"https:\/\/monikagungl.com\/wp-content\/uploads\/nyers-taplalkozasi-terv-zoeldseg-es-dip-2-1.webp 800w, https:\/\/monikagungl.com\/wp-content\/uploads\/nyers-taplalkozasi-terv-zoeldseg-es-dip-2-1-768x493.webp 768w, https:\/\/monikagungl.com\/wp-content\/uploads\/nyers-taplalkozasi-terv-zoeldseg-es-dip-2-1-600x386.webp 600w\" sizes=\"auto, (max-width: 800px) 100vw, 800px\" \/><\/figure>\n\n\n\n<h3 class=\"wp-block-heading\"><strong><em>Vacsora<\/em>:<\/strong><\/h3>\n\n\n\n<p><a href=\"https:\/\/monikagungl.com\/hu\/vitalkost-rezepte\/nyers-vegan-cukkini-spaghetti-medvehagymas-pestoval\/\" data-type=\"vitalkost-rezepte\" data-id=\"3477\">Cukkini spagetti<\/a> nyers paradicsomsz\u00f3sszal \u00e9s friss f\u0171szern\u00f6v\u00e9nyekkel.<\/p>\n\n\n\n<p>Ne felejts el elegend\u0151 vizet inni a nap folyam\u00e1n, \u00e9s pr\u00f3b\u00e1lj ki \u00faj recepteket, hogy v\u00e1ltozatoss\u00e1 tedd az eg\u00e9szs\u00e9ges \u00e9trendedet. Hasznos lehet id\u0151nk\u00e9nt \u00e9l\u0151 t\u00e1pl\u00e1lkoz\u00e1s tanfolyamokon vagy workshopokon r\u00e9szt venni, hogy \u00faj \u00f6tleteket \u00e9s tippeket szerezz.<\/p>\n\n\n\n<figure class=\"wp-block-image size-full\"><img loading=\"lazy\" decoding=\"async\" width=\"800\" height=\"603\" src=\"https:\/\/monikagungl.com\/wp-content\/uploads\/fueszeres-cukkini-spagetti-vegan-nyers-taplalkozas-1-1.webp\" alt=\"F\u0171szeres cukkini spagetti, nyers vegan,  napi men\u00fc\" class=\"wp-image-8802\" srcset=\"https:\/\/monikagungl.com\/wp-content\/uploads\/fueszeres-cukkini-spagetti-vegan-nyers-taplalkozas-1-1.webp 800w, https:\/\/monikagungl.com\/wp-content\/uploads\/fueszeres-cukkini-spagetti-vegan-nyers-taplalkozas-1-1-768x579.webp 768w, https:\/\/monikagungl.com\/wp-content\/uploads\/fueszeres-cukkini-spagetti-vegan-nyers-taplalkozas-1-1-600x452.webp 600w\" sizes=\"auto, (max-width: 800px) 100vw, 800px\" \/><\/figure>\n\n\n\n<h2 class=\"wp-block-heading\"><strong>Nyers\u00e9tellel j\u00f3l lehet lakni?<\/strong><\/h2>\n\n\n\n<p>Igen, a nyers t\u00e1pl\u00e1lkoz\u00e1s teljes m\u00e9rt\u00e9kben kiel\u00e9g\u00edtheti az \u00e9hs\u00e9g\u00e9rzetet. Fontos, hogy v\u00e1ltozatosan fogyassz gy\u00fcm\u00f6lcs\u00f6ket, z\u00f6lds\u00e9geket, magvakat \u00e9s<a href=\"https:\/\/monikagungl.com\/hu\/hogyan-juthatsz-feherjehez-diofelekbol-es-magokbol\/\" data-type=\"post\" data-id=\"3690\"> di\u00f3f\u00e9l\u00e9ket<\/a>, \u00edgy biztos\u00edthatod a sz\u00fcks\u00e9ges t\u00e1panyagokat \u00e9s a j\u00f3llakotts\u00e1g \u00e9rz\u00e9s\u00e9t.<\/p>\n\n\n\n<h2 class=\"wp-block-heading\"><strong>Mennyi \u00e9s milyen folyad\u00e9kot fogyasszak?<\/strong><\/h2>\n\n\n\n<p>A v\u00edz alapvet\u0151 fontoss\u00e1g\u00fa, \u00e9s rendszeresen kell inni. A pontos mennyis\u00e9g szem\u00e9lyenk\u00e9nt \u00e9s aktivit\u00e1si szintenk\u00e9nt v\u00e1ltozhat, de \u00e1ltal\u00e1ban legal\u00e1bb napi 2 litert aj\u00e1nlanak. A friss gy\u00fcm\u00f6lcslevek \u00e9s smoothie-k szint\u00e9n j\u00f3 kieg\u00e9sz\u00edt\u0151i lehetnek az \u00e9l\u0151 t\u00e1pl\u00e1lkoz\u00e1snak.<\/p>\n\n\n\n<h2 class=\"wp-block-heading\"><strong>Magammal tudom vinni a nyers\u00e9teleket?<\/strong><\/h2>\n\n\n\n<p>Igen, az \u00e9l\u0151, nyers veg\u00e1n t\u00e1pl\u00e1l\u00e9k ide\u00e1lis \u00fatraval\u00f3 lehet. P\u00e9ld\u00e1ul sal\u00e1t\u00e1kat, gy\u00fcm\u00f6lcs\u00f6ket vagy magkever\u00e9keket k\u00f6nnyen magaddal vihetsz \u00e9teltart\u00f3kban. Tipp: Haszn\u00e1lj \u00fajra haszn\u00e1lhat\u00f3 t\u00e1rol\u00f3kat, \u00e9s ker\u00fcld a m\u0171anyagot, hogy v\u00e9dd a k\u00f6rnyezetet.<\/p>\n\n\n\n<h2 class=\"wp-block-heading\"><strong>Tippek a nyerst\u00e1pl\u00e1lkoz\u00e1s elkezd\u00e9s\u00e9hez<\/strong>:<\/h2>\n\n\n\n<ol class=\"wp-block-list\">\n<li><strong>Kezdd lassan<\/strong>: Kezdj egy nyers\u00e9tel-\u00e9tkez\u00e9ssel naponta, \u00e9s fokozatosan n\u00f6veld.<\/li>\n\n\n\n<li><strong>V\u00e1ltozatoss\u00e1g a kulcs<\/strong>: T\u00f6rekedj a k\u00fcl\u00f6nb\u00f6z\u0151 \u00e9telek fogyaszt\u00e1s\u00e1ra, hogy minden sz\u00fcks\u00e9ges t\u00e1panyagot megkapj.<\/li>\n\n\n\n<li><strong>T\u00e1j\u00e9koz\u00f3dj<\/strong>: Olvass k\u00f6nyveket vagy keresg\u00e9lj az interneten receptek \u00e9s \u00f6tletek ut\u00e1n.<\/li>\n\n\n\n<li><strong>Figyelj a tested jelz\u00e9seire<\/strong>: Minden ember m\u00e1s. Tal\u00e1ld meg, mi m\u0171k\u00f6dik sz\u00e1modra a legjobban.<\/li>\n<\/ol>\n\n\n\n<h3 class=\"wp-block-heading\">Szem\u00e9lyes tan\u00e1csom mint t\u00e1pl\u00e1lkoz\u00e1si tan\u00e1csad\u00f3:<\/h3>\n\n\n\n<p>Kezdd egy l\u00e9b\u00f6jttel vagy smoothie b\u00f6jttel. Ez seg\u00edt megtiszt\u00edtani a szervezetedet, \u00e9s felk\u00e9sz\u00fclni a nyers \u00e9trendre. Egy j\u00f3 kezd\u00e9s lehet az \u00e1ltalam kifejlesztett 21 napos nyers\u00e9tel \u00e9trend, amely megk\u00f6nny\u00edti az \u00e1t\u00e1ll\u00e1st \u00e9s a legjobb eredm\u00e9nyeket hozza.<\/p>\n\n\n\n<p><strong>\u00c9rdekel egy\u00e9ni tan\u00e1csad\u00e1s?<\/strong><\/p>\n\n\n\n<p><a href=\"https:\/\/monikagungl.com\/hu\/online-taplalkozas-coaching\/\" data-type=\"page\" data-id=\"7249\">L\u00e1togass el online t\u00e1pl\u00e1lkoz\u00e1si tan\u00e1csad\u00e1som oldal\u00e1ra<\/a>, \u00e9s <a href=\"https:\/\/monikagungl.com\/online-ernaehrungscoaching\/#termin\" data-type=\"link\" data-id=\"https:\/\/monikagungl.com\/online-ernaehrungscoaching\/#termin\">foglalj id\u0151pontot egy ingyenes els\u0151 konzult\u00e1ci\u00f3ra<\/a>. \u00c9rj\u00fck el egy\u00fctt a t\u00e1pl\u00e1lkoz\u00e1si c\u00e9ljaidat!<\/p>\n","protected":false},"excerpt":{"rendered":"<p>\u00c9l\u0151, nyerst\u00e1pl\u00e1lkoz\u00e1si terv az energi\u00e1d\u00e9rt \u00e9s eg\u00e9szs\u00e9ged\u00e9rt. Tippek \u00e9s receptek, hogy elkezdhesd az eg\u00e9szs\u00e9ges \u00e9letm\u00f3dot m\u00e1r ma!<\/p>\n","protected":false},"author":2,"featured_media":9120,"comment_status":"open","ping_status":"closed","sticky":false,"template":"","format":"standard","meta":{"_seopress_robots_primary_cat":"none","_seopress_titles_title":"\u00c9l\u0151, t\u00e1pl\u00e1lkoz\u00e1si \u00e9trend: Mit egy\u00e9l eg\u00e9sz nap?","_seopress_titles_desc":"\ud83c\udf31 \u00c9l\u0151 t\u00e1pl\u00e1lkoz\u00e1si \u00e9trend: Mit egy\u00e9l eg\u00e9sz nap? Nyers veg\u00e1n t\u00e1pl\u00e1lkoz\u00e1s, receptek \u00e9s napi terv az eg\u00e9szs\u00e9g\u00e9rt, t\u00f6bb energi\u00e1\u00e9rt \u00e9s vitalit\u00e1s\u00e9rt! Kezdd el most!","_seopress_robots_index":"","footnotes":""},"categories":[113,114,116,1],"tags":[],"class_list":["post-3385","post","type-post","status-publish","format-standard","has-post-thumbnail","hentry","category-abnehmen-tipps-hu","category-ernaehrungsberatung-blog-hu","category-rohkost-hu","category-unkategorisiert"],"meta_box":[],"_links":{"self":[{"href":"https:\/\/monikagungl.com\/hu\/wp-json\/wp\/v2\/posts\/3385","targetHints":{"allow":["GET"]}}],"collection":[{"href":"https:\/\/monikagungl.com\/hu\/wp-json\/wp\/v2\/posts"}],"about":[{"href":"https:\/\/monikagungl.com\/hu\/wp-json\/wp\/v2\/types\/post"}],"author":[{"embeddable":true,"href":"https:\/\/monikagungl.com\/hu\/wp-json\/wp\/v2\/users\/2"}],"replies":[{"embeddable":true,"href":"https:\/\/monikagungl.com\/hu\/wp-json\/wp\/v2\/comments?post=3385"}],"version-history":[{"count":10,"href":"https:\/\/monikagungl.com\/hu\/wp-json\/wp\/v2\/posts\/3385\/revisions"}],"predecessor-version":[{"id":9126,"href":"https:\/\/monikagungl.com\/hu\/wp-json\/wp\/v2\/posts\/3385\/revisions\/9126"}],"wp:featuredmedia":[{"embeddable":true,"href":"https:\/\/monikagungl.com\/hu\/wp-json\/wp\/v2\/media\/9120"}],"wp:attachment":[{"href":"https:\/\/monikagungl.com\/hu\/wp-json\/wp\/v2\/media?parent=3385"}],"wp:term":[{"taxonomy":"category","embeddable":true,"href":"https:\/\/monikagungl.com\/hu\/wp-json\/wp\/v2\/categories?post=3385"},{"taxonomy":"post_tag","embeddable":true,"href":"https:\/\/monikagungl.com\/hu\/wp-json\/wp\/v2\/tags?post=3385"}],"curies":[{"name":"wp","href":"https:\/\/api.w.org\/{rel}","templated":true}]}}