{"id":3644,"date":"2024-06-25T19:07:00","date_gmt":"2024-06-25T17:07:00","guid":{"rendered":"http:\/\/monikagungl.com\/kokosnuss-und-ihre-vorteile\/"},"modified":"2024-08-25T11:51:17","modified_gmt":"2024-08-25T09:51:17","slug":"kokuszpalma-titkai-es-jotekony-hatasai","status":"publish","type":"post","link":"https:\/\/monikagungl.com\/hu\/kokuszpalma-titkai-es-jotekony-hatasai\/","title":{"rendered":"A k\u00f3kuszdi\u00f3 j\u00f3t\u00e9kony hat\u00e1sai \u00e9s a k\u00f3kuszp\u00e1lma titkai."},"content":{"rendered":"\n<p>Ismerd meg a k\u00f3kuszp\u00e1lma csod\u00e1latos vil\u00e1g\u00e1t \u00e9s a k\u00f3kuszdi\u00f3 eg\u00e9szs\u00e9gedre gyakorolt j\u00f3t\u00e9kony hat\u00e1sait!<\/p>\n\n\n\n<p>A k\u00f3kuszdi\u00f3 nem csak a tr\u00f3pusokon n\u00e9pszer\u0171, de egyre gyakrabban tal\u00e1ljuk meg Eur\u00f3p\u00e1ban is az \u00e9lelmiszer \u00fczletek polcain. A k\u00f3kuszp\u00e1lma sokoldal\u00fas\u00e1g\u00e1val nem csak az \u00e9telek, hanem az eg\u00e9szs\u00e9g\u00fcnk sz\u00e1m\u00e1ra is sz\u00e1mos j\u00f3t\u00e9kony hat\u00e1ssal b\u00edr. De mit kell tudni err\u0151l a csodan\u00f6v\u00e9nyr\u0151l?<\/p>\n\n\n\n<figure class=\"wp-block-image size-full\"><img loading=\"lazy\" decoding=\"async\" width=\"800\" height=\"1167\" src=\"https:\/\/monikagungl.com\/wp-content\/uploads\/ein-kind-am-strand-trinkt-kokosnuss_73944-12747.jpg\" alt=\"Kisl\u00e1ny egy k\u00f3kuszdi\u00f3val\" class=\"wp-image-3521\" srcset=\"https:\/\/monikagungl.com\/wp-content\/uploads\/ein-kind-am-strand-trinkt-kokosnuss_73944-12747.jpg 800w, https:\/\/monikagungl.com\/wp-content\/uploads\/ein-kind-am-strand-trinkt-kokosnuss_73944-12747-600x875.jpg 600w, https:\/\/monikagungl.com\/wp-content\/uploads\/ein-kind-am-strand-trinkt-kokosnuss_73944-12747-658x960.jpg 658w, https:\/\/monikagungl.com\/wp-content\/uploads\/ein-kind-am-strand-trinkt-kokosnuss_73944-12747-768x1120.jpg 768w\" sizes=\"auto, (max-width: 800px) 100vw, 800px\" \/><\/figure>\n\n\n\n<h2 class=\"wp-block-heading\"><strong><strong>A k\u00f3kuszp\u00e1lma eredete \u00e9s \u00e9rdekess\u00e9gei<\/strong><\/strong><\/h2>\n\n\n\n<p>A tr\u00f3pusokon \u00e9l\u0151 k\u00f3kuszp\u00e1lma 30 m magass\u00e1got is el\u00e9r. T\u00f6bb gener\u00e1ci\u00f3t t\u00fal\u00e9l\u0151 fa, ha most \u00fcltetn\u00e9l egyet, azt d\u00e9dunok\u00e1d m\u00e9g biztos l\u00e1tn\u00e1. A k\u00f3kuszp\u00e1lma eredete pontosan nem ismeretes, mivel a p\u00e1lma elhullatott magjai h\u00f3napokig cs\u00edrak\u00e9pesek \u00e9s a tengeren \u00faszva t\u00f6bb ezer kilom\u00e9tert is megtehetnek miel\u0151tt kics\u00edr\u00e1znak.&nbsp;<\/p>\n\n\n\n<p>A p\u00e1lma folyamatosan \u00e9rleli gy\u00fcm\u00f6lcseit, a f\u00e1n mindig egyszerre tal\u00e1lhatunk k\u00f3kuszvir\u00e1got \u00e9s k\u00f3kuszdi\u00f3t is az \u00e9r\u00e9s minden f\u00e1zis\u00e1ban. A vir\u00e1gb\u00f3l kifejl\u0151d\u0151 di\u00f3nak 400 napra van sz\u00fcks\u00e9ge a teljesen \u00e9rett , sz\u00fcretelhet\u0151 \u00e1llapot el\u00e9r\u00e9s\u00e9hez. Egy-egy \u00e9rett k\u00f3kuszdi\u00f3 el\u00e9ri a 1,5-2,5 kg-ot is.\u00a0<\/p>\n\n\n\n<p>T\u00f6bbf\u00e9le fajt\u00e1ja ismert, a narancss\u00e1rg\u00e1t\u00f3l a sz\u00fcrk\u00e9s \u00e1rnyalaton kereszt\u00fcl az \u00e9l\u00e9nkz\u00f6ldig.<\/p>\n\n\n\n<p>Az \u00e9rett gy\u00fcm\u00f6lcs\u00f6k \u00e1ltal\u00e1ban maguk esnek a f\u00f6ldre, ez\u00e9rt a fa alatt nagyon \u00f3vatosnak kell lenni.<\/p>\n\n\n\n<p>A k\u00f3kuszdi\u00f3 rendk\u00edv\u00fcl \u00e9rt\u00e9kes n\u00f6v\u00e9ny, hiszen minden r\u00e9sze felhaszn\u00e1lhat\u00f3. Belsej\u00e9ben a k\u00f3kuszv\u00edz, a k\u00f3kuszh\u00fas emberi fogyaszt\u00e1sra. A k\u00f3kusz h\u00e9j\u00e1b\u00f3l t\u00e1lakat, ed\u00e9nyeket k\u00e9sz\u00edtenek , a textiliparban fonalat , l\u00e1bt\u00f6rl\u0151t k\u00e9sz\u00edtenek bel\u0151le. K\u00f3kuszvir\u00e1gb\u00f3l a finom karamell\u00e1s \u00edz\u0171 k\u00f3kuszvir\u00e1g cukrot \u00e9s szirupot.<\/p>\n\n\n\n<p>N\u00e1lunk a boltokban t\u00f6bbf\u00e9le k\u00f3kuszt tal\u00e1lunk. a fiatal, z\u00f6ldh\u00e9j\u00fa,&nbsp;&nbsp;a k\u00edv\u00fcl f\u00e1s (err\u0151l m\u00e1r leh\u00e1ntott\u00e1k a k\u00fcls\u0151 h\u00e9jat) \u00e9s a \u201esz\u0151r\u00f6s\u201d k\u00f3kusz. E h\u00e1rom k\u00f6z\u00fcl legink\u00e1bb az els\u0151 kett\u0151 \u00e9lvezhet\u0151, a \u201esz\u0151r\u00f6s\u201d k\u00f3kuszban tal\u00e1lhat\u00f3 k\u00f3kuszv\u00edz nagyon kis mennyis\u00e9g\u0171 \u00e9s \u00e1ltal\u00e1ban m\u00e1r savany\u00fa.<\/p>\n\n\n\n<h2 class=\"wp-block-heading\">Milyen k\u00f3kuszt \u00e9rdemes megv\u00e1s\u00e1rolni?<\/h2>\n\n\n\n<p>Javaslom, hogy a fiatal iv\u00f3k\u00f3kuszt v\u00e1s\u00e1rolj\u00e1tok. V\u00e1s\u00e1rl\u00e1sn\u00e1l \u00e9rdemes odafigyelni, hogy eg\u00e9szs\u00e9ges, s\u00e9r\u00fcl\u00e9s mentes k\u00f3kuszdi\u00f3t vegyetek.\u00a0<\/p>\n\n\n\n<p>Ezekben a k\u00f3kuszdi\u00f3kban 300-450 ml friss, zamatos k\u00f3kuszv\u00edz tal\u00e1lhat\u00f3. Miut\u00e1n sz\u00edv\u00f3sz\u00e1llal kiittuk a vizet, felnyitjuk a di\u00f3t \u00e9s kiszedegetj\u00fck a feh\u00e9r k\u00f3kusz h\u00fast, amit vagy frissen elfogyasztunk vagy k\u00e9sz\u00edt\u00fcnk bel\u0151le k\u00f3kuszreszel\u00e9ket, k\u00f3kusz csipszet, k\u00f3kusztejet, k\u00f3kusztejsz\u00ednt, k\u00f3kuszlisztet, melyeket felhaszn\u00e1lhatunk s\u00fctem\u00e9nyekhez, m\u00fczlikhez\u2026<\/p>\n\n\n\n<p>A k\u00f3kuszvizet a hawaii lakosok \u201emennyei harmat\u201d-nak nevezik. Ezzel nagyon egyet tudok \u00e9rteni\u263a \u00c9n magam naponta elfogyasztok egyet. Nem tudok vele betelni. \u263a<\/p>\n\n\n\n<p>A n\u00e9pi gy\u00f3gy\u00edt\u00e1sban 99! f\u00e9le betegs\u00e9g gy\u00f3gy\u00edt\u00e1s\u00e1ra haszn\u00e1lj\u00e1k.<\/p>\n\n\n\n<h2 class=\"wp-block-heading\">A k\u00f3kuszdi\u00f3 \u00e9lettani hat\u00e1sai:<\/h2>\n\n\n\n<ul class=\"wp-block-list\">\n<li>teljes\u00e9rt\u00e9k\u0171, t\u00e1peg\u00e9sz<\/li>\n\n\n\n<li>felt\u00f6lti a szervezetet energi\u00e1val<\/li>\n\n\n\n<li>er\u0151s\u00edti az immunrendszert<\/li>\n\n\n\n<li>gazdag , a szervezet sz\u00e1m\u00e1ra \u00e9letfontoss\u00e1g\u00fa vitaminokban, \u00e1sv\u00e1nyianyagokban, antioxid\u00e1nsokban, feh\u00e9rj\u00e9kben:<a href=\"https:\/\/monikagungl.com\/hu\/hogyan-juthatsz-feherjehez-diofelekbol-es-magokbol\/\" data-type=\"post\" data-id=\"3690\"> az err\u0151l sz\u00f3l\u00f3 cikkem itt tal\u00e1lod<\/a>.<\/li>\n\n\n\n<li>n\u00f6veli a j\u00f3 koleszterinszintet<\/li>\n\n\n\n<li>\u00f6reged\u00e9sg\u00e1tl\u00f3&nbsp;<\/li>\n\n\n\n<li>hidrat\u00e1lja a sz\u00f6veteket<\/li>\n\n\n\n<li>normaliz\u00e1lja a ph szintet<\/li>\n\n\n\n<li>szab\u00e1lyozza a v\u00e9rkering\u00e9st, megakad\u00e1lyozza a v\u00e9rr\u00f6g\u00f6k kialakul\u00e1s\u00e1t<\/li>\n\n\n\n<li>em\u00e9szt\u00e9st seg\u00edt\u0151 (bioaktiv enzimeket tartalmaz)<\/li>\n\n\n\n<li>gyors\u00edtja az anyagcser\u00e9t<\/li>\n\n\n\n<li>seg\u00edti a fogy\u00e1st<\/li>\n\n\n\n<li>lugos\u00edt\u00a0<\/li>\n\n\n\n<li>seg\u00edti a vesek\u00f6vek felold\u00e1s\u00e1t \u00e9s megakad\u00e1lyozza azok kialakul\u00e1s\u00e1t<\/li>\n\n\n\n<li>semleges\u00edti a m\u00e9reganyagokat<\/li>\n\n\n\n<li>megszabad\u00edtja a szervezetet a bakt\u00e9riumokt\u00f3l, v\u00edrusokt\u00f3l, gomb\u00e1kt\u00f3l<\/li>\n\n\n\n<li>vizelethajt\u00f3<\/li>\n\n\n\n<li>er\u0151s\u00edti a csontokat<\/li>\n\n\n\n<li>cs\u00f6kkenti a stresszt, depresszi\u00f3t, szorong\u00e1st (tartalmaz riboflavint, pantot\u00e9nsavat \u00e9s tiamint)<\/li>\n\n\n\n<li>cs\u00f6kkenti \u00e9s megel\u0151zi a puffad\u00e1st<\/li>\n\n\n\n<li>hidrat\u00e1lja, fiatal\u00edtja a b\u0151rt \u00e9s megv\u00e9di a fert\u0151z\u00e9sekt\u0151l<\/li>\n\n\n\n<li>k\u00f3kuszv\u00edz rendszeres fogyaszt\u00e1s\u00e1val a b\u0151r fiatalos, eg\u00e9szs\u00e9ges, ragyog\u00f3 marad, elt\u0171nnek a r\u00e1ncok \u00e9s a pattan\u00e1sok<\/li>\n\n\n\n<li>kondicion\u00e1lja, hidrat\u00e1lja, f\u00e9nyesebb\u00e9 teszi a hajat, megsz\u00fcnteti a hajhull\u00e1st, serkenti a hajn\u00f6veked\u00e9st<\/li>\n\n\n\n<li>v\u00e1rand\u00f3soknak rendk\u00edv\u00fcl aj\u00e1nlott, er\u0151s\u00edti a baba \u00e9s az anya immunrendszer\u00e9t.<\/li>\n\n\n\n<li>sportol\u00e1s ut\u00e1n nagyon aj\u00e1nlott fogyasztani<\/li>\n\n\n\n<li>term\u00e9szetes m\u00f3don p\u00f3tolja a szervezetben az elektrolitot,&nbsp;<\/li>\n\n\n\n<li>megakad\u00e1lyozza a savass\u00e1got<\/li>\n\n\n\n<li>p\u00f3tolja a szervezetben a sportol\u00e1s alatt elvesztett folyad\u00e9kot \u00e9s \u00e1sv\u00e1nyianyagokat<\/li>\n\n\n\n<li>megsz\u00fcnteti a g\u00f6rcs\u00f6ket<\/li>\n<\/ul>\n\n\n\n<p>\u00c9n mindig reggelire iszom vagy sportol\u00e1s ut\u00e1n.&nbsp;<\/p>\n\n\n\n<p>A k\u00f3kusz v\u00edz gazdag k\u00e1liumban, magn\u00e9ziumban, kalciumban \u00e9s elektrolitokban. A legjobb \u00e9s legeg\u00e9szs\u00e9gesebb, term\u00e9szetes, cukormentes sportital. Nemcsak hidrat\u00e1l, hanem p\u00f3tolja is az izzad\u00e1s sor\u00e1n elvesz\u00edtett \u00e1sv\u00e1nyianyagokat.<\/p>\n\n\n\n<h2 class=\"wp-block-heading\">Hogyan fogyasszuk a k\u00f3kuszdi\u00f3t?<\/h2>\n\n\n\n<p>A fiatal iv\u00f3-k\u00f3kuszhoz \u00e1ltal\u00e1ban adnak a boltokban sz\u00edv\u00f3sz\u00e1lat \u00e9s egy bambuszb\u00f3l k\u00e9sz\u00fclt eszk\u00f6zt, amivel ki lehet a di\u00f3t f\u00farni. Ezzel azonban nem mindig siker\u00fcl lyukat f\u00farni r\u00e1, a sz\u00edv\u00f3sz\u00e1llal pedig nem lehet az eg\u00e9sz k\u00f3kuszvizet kiinni.<\/p>\n\n\n\n<p>\u00c9n egy kis f\u00far\u00f3g\u00e9ppel 2 lyukat f\u00farok r\u00e1, a k\u00f3kuszvizet pedig egy poh\u00e1rba folyatom. \u00cdgy biztos kij\u00f6n bel\u0151le a teljes mennyis\u00e9g..<\/p>\n\n\n\n<p>Ezut\u00e1n a k\u00f3kuszdi\u00f3t egy nagy k\u00e9s vagy f\u0171r\u00e9sz seg\u00edts\u00e9g\u00e9vel felbontjuk. A di\u00f3n \u00e1ltal\u00e1ban tal\u00e1lhat\u00f3 k\u00f6rben egy bev\u00e9s\u00e9s, ennek a ment\u00e9n nagyon k\u00f6nny\u0171 felnyitni, ha kalap\u00e1ccsal meg\u00fct\u00f6getj\u00fck.<\/p>\n\n\n\n<p>A friss k\u00f3kuszdi\u00f3 h\u0171t\u0151ben hetekig eltarthat\u00f3, felnyit\u00e1s ut\u00e1n a belseje 1-2 nap alatt megsavanyodik.<\/p>\n\n\n\n<p>A k\u00f3kuszdi\u00f3b\u00f3l egy k\u00e9s seg\u00edts\u00e9g\u00e9vel nagyon k\u00f6nny\u0171 kiszedni a k\u00f3kuszh\u00fast. A z\u00f6ld , fiatal k\u00f3kusz h\u00fasa nagyon l\u00e1gy, zs\u00edros. Elfogyaszthatjuk frissen is. Azonban nagyon finom k\u00f3kuszp\u00fcr\u00e9t, k\u00f3kusztejsz\u00ednt\u00a0\u00a0\u00e9s k\u00f3kusztejet lehet k\u00e9sz\u00edteni, v\u00edz hozz\u00e1ad\u00e1s\u00e1val.<\/p>\n\n\n\n<h2 class=\"wp-block-heading\">K\u00f3kuszv\u00edz, k\u00f3kusztej: Mi a k\u00fcl\u00f6nbs\u00e9g?<\/h2>\n\n\n\n<p>A k\u00f3kuszv\u00edzet \u00e9s a k\u00f3kusztejsz\u00ednt sokan \u00f6sszet\u00e9vesztik. A k\u00f3kuszv\u00edz&nbsp;&nbsp;a k\u00f3kuszdi\u00f3 belsej\u00e9ben l\u00e9v\u0151, nagyon finom, enyh\u00e9n k\u00f3kusz \u00edz\u0171, \u00e1tl\u00e1tsz\u00f3 folyad\u00e9k.<\/p>\n\n\n\n<p>A k\u00f3kusztejet mi magunk tudjuk elk\u00e9sz\u00edteni k\u00f3kuszh\u00fasb\u00f3l v\u00edz vagy k\u00f3kusz v\u00edz hozz\u00e1ad\u00e1s\u00e1val.<\/p>\n\n\n\n<figure class=\"wp-block-image size-full\"><img loading=\"lazy\" decoding=\"async\" width=\"800\" height=\"448\" src=\"https:\/\/monikagungl.com\/wp-content\/uploads\/trinkkokos-1.jpg\" alt=\"iv\u00f3kokusz-kokuszviz\" class=\"wp-image-4785\" srcset=\"https:\/\/monikagungl.com\/wp-content\/uploads\/trinkkokos-1.jpg 800w, https:\/\/monikagungl.com\/wp-content\/uploads\/trinkkokos-1-600x336.jpg 600w, https:\/\/monikagungl.com\/wp-content\/uploads\/trinkkokos-1-768x430.jpg 768w\" sizes=\"auto, (max-width: 800px) 100vw, 800px\" \/><\/figure>\n\n\n\n<h2 class=\"wp-block-heading\">Nyers veg\u00e1n K\u00f3kusz s\u00fctem\u00e9ny<\/h2>\n\n\n\n<p>A k\u00f3kusz nem csak eg\u00e9szs\u00e9ges, hanem az \u00edze is ellen\u00e1llhatatlan. \u00c9s mi lenne , ha ezt a csod\u00e1latos hozz\u00e1val\u00f3t egy finom nyers veg\u00e1n s\u00fctem\u00e9nyben haszn\u00e1ln\u00e1nk fel? Ismerd meg a <a href=\"https:\/\/monikagungl.com\/hu\/vitalkost-rezepte\/nyers-vegan-bounty-szelet-recept\/\" data-type=\"link\" data-id=\"https:\/\/monikagungl.com\/hu\/vitalkost-rezepte\/nyers-vegan-bounty-szelet-recept\/\">nyers Bounty tort\u00e1t<\/a>.<a href=\"https:\/\/monikagungl.com\/hu\/vitalkost-rezepte\/nyers-vegan-bounty-szelet-recept\/\" data-type=\"vitalkost-rezepte\" data-id=\"4555\">Eg\u00e9szs\u00e9ges \u00c9lvezet: Nyers Veg\u00e1n Bounty Szelet<\/a><\/p>\n\n\n\n<h2 class=\"wp-block-heading\">K\u00f3kuszolaj \u00e9s felhaszn\u00e1l\u00e1sa<\/h2>\n\n\n\n<p>A k\u00f3kuszolaj a legjobb bio, adal\u00e9kanyagmentes test\u00e1pol\u00f3, tele term\u00e9szetes vitaminokkal, \u00e1sv\u00e1nyianyagokkal. F\u00fcrd\u00e9s ut\u00e1n kev\u00e9s v\u00edzzel massz\u00edrozd a b\u0151r\u00f6dbe.&nbsp;<\/p>\n\n\n\n<p>A k\u00f3kuszolaj kiv\u00e1l\u00f3an haszn\u00e1lhat\u00f3&nbsp;<strong>fogkr\u00e9mk\u00e9nt<\/strong>&nbsp;is. Ehhez keverj 100 ml k\u00f3kuszolajba egy kis k\u00e1v\u00e9skan\u00e1l sz\u00f3dabikarb\u00f3n\u00e1t ha akarod \u00edzes\u00edtheted 1-2 csepp 100 % os esszenci\u00e1lis olajjal. (Ehhez ismerni kell az esszenci\u00e1lis olajok haszn\u00e1lat\u00e1t. ). M\u00e1ris van egy adal\u00e9k-, fluorit mentes bio fogkr\u00e9med n\u00e9h\u00e1ny Forintb\u00f3l, ami m\u00e9g t\u00e1pl\u00e1lja is a fog\u00ednyedet.<\/p>\n\n\n\n<p>Haszn\u00e1lhatod a k\u00f3kuszolajat ugyan\u00fagy, mint a hidegensajtolt \u2013 feketek\u00f6m\u00e9ny olajat, szez\u00e1m olajat, olivaolajat, napraforg\u00f3 olajat zubogtat\u00e1sra.<\/p>\n\n\n\n<p>Reggelente vegy\u00e9l a sz\u00e1dba ezek valamelyik\u00e9b\u0151l egy keveset \u00e9s\u00a0<strong>zubogtasd<\/strong>\u00a0kb. 15 percig a sz\u00e1dban, majd k\u00f6pd ki \u00e9s moss fogat. Figyelem, soha ne nyeld le. <a href=\"https:\/\/monikagungl.com\/hu\/meregtelenites-bojttel\/\" data-type=\"post\" data-id=\"3386\">M\u00e9regtelen\u00edt<\/a> , nagyon j\u00f3l haszn\u00e1lhat\u00f3 fog\u00edny betegs\u00e9gek megel\u0151z\u00e9s\u00e9ben \u00e9s kieg\u00e9sz\u00edt\u0151 gy\u00f3gy\u00edt\u00e1s\u00e1ban.<\/p>\n\n\n\n<p>L\u00e1thatjuk, hogy a k\u00f3kusz felhaszn\u00e1l\u00e1s\u00e1nak csak a fant\u00e1zi\u00e1nk szab hat\u00e1rt.<\/p>\n\n\n\n<p>Ha teheted, javaslom, hogy naponta igy\u00e1l meg egy k\u00f3kuszlevet. Meg fogsz lep\u0151dni milyen j\u00f3 hat\u00e1ssal lesz az eg\u00e9szs\u00e9gedre, k\u00f6z\u00e9rzetedre.&nbsp;<\/p>\n\n\n\n<p>\u00c9n mindenesetre \u00edgy teszek. Ha velem tartasz proszit, eg\u00e9szs\u00e9gedre \u263a<\/p>\n","protected":false},"excerpt":{"rendered":"<p>A k\u00f3kuszdi\u00f3 gazdag t\u00e1panyagokban, t\u00e1mogatja az immunrendszert, jav\u00edtja az em\u00e9szt\u00e9st, \u00e9s seg\u00edti a sz\u00edv eg\u00e9szs\u00e9g\u00e9nek meg\u0151rz\u00e9s\u00e9t. Fedezd fel a k\u00f3kuszp\u00e1lma titkait!<\/p>\n","protected":false},"author":2,"featured_media":3516,"comment_status":"open","ping_status":"closed","sticky":false,"template":"","format":"standard","meta":{"_seopress_robots_primary_cat":"none","_seopress_titles_title":"A k\u00f3kuszp\u00e1lma titkai \u00e9s a k\u00f3kuszdi\u00f3 j\u00f3t\u00e9kony hat\u00e1sai","_seopress_titles_desc":"Ismerd meg a k\u00f3kuszdi\u00f3 eg\u00e9szs\u00e9gedre gyakorolt j\u00f3t\u00e9kony hat\u00e1sait \u00e9s a k\u00f3kuszp\u00e1lma titkait!","_seopress_robots_index":"","footnotes":""},"categories":[113,115,116,1],"tags":[],"class_list":["post-3644","post","type-post","status-publish","format-standard","has-post-thumbnail","hentry","category-abnehmen-tipps-hu","category-fasten-detox-hu","category-rohkost-hu","category-unkategorisiert"],"meta_box":[],"_links":{"self":[{"href":"https:\/\/monikagungl.com\/hu\/wp-json\/wp\/v2\/posts\/3644","targetHints":{"allow":["GET"]}}],"collection":[{"href":"https:\/\/monikagungl.com\/hu\/wp-json\/wp\/v2\/posts"}],"about":[{"href":"https:\/\/monikagungl.com\/hu\/wp-json\/wp\/v2\/types\/post"}],"author":[{"embeddable":true,"href":"https:\/\/monikagungl.com\/hu\/wp-json\/wp\/v2\/users\/2"}],"replies":[{"embeddable":true,"href":"https:\/\/monikagungl.com\/hu\/wp-json\/wp\/v2\/comments?post=3644"}],"version-history":[{"count":8,"href":"https:\/\/monikagungl.com\/hu\/wp-json\/wp\/v2\/posts\/3644\/revisions"}],"predecessor-version":[{"id":8157,"href":"https:\/\/monikagungl.com\/hu\/wp-json\/wp\/v2\/posts\/3644\/revisions\/8157"}],"wp:featuredmedia":[{"embeddable":true,"href":"https:\/\/monikagungl.com\/hu\/wp-json\/wp\/v2\/media\/3516"}],"wp:attachment":[{"href":"https:\/\/monikagungl.com\/hu\/wp-json\/wp\/v2\/media?parent=3644"}],"wp:term":[{"taxonomy":"category","embeddable":true,"href":"https:\/\/monikagungl.com\/hu\/wp-json\/wp\/v2\/categories?post=3644"},{"taxonomy":"post_tag","embeddable":true,"href":"https:\/\/monikagungl.com\/hu\/wp-json\/wp\/v2\/tags?post=3644"}],"curies":[{"name":"wp","href":"https:\/\/api.w.org\/{rel}","templated":true}]}}