{"id":3670,"date":"2023-08-21T10:48:00","date_gmt":"2023-08-21T08:48:00","guid":{"rendered":"http:\/\/monikagungl.com\/die-welt-der-samen-und-nuesse-ein-rohkost-leitfaden\/"},"modified":"2023-09-19T22:22:56","modified_gmt":"2023-09-19T20:22:56","slug":"diok-es-magvak-felhasznalasa","status":"publish","type":"post","link":"https:\/\/monikagungl.com\/hu\/diok-es-magvak-felhasznalasa\/","title":{"rendered":"Di\u00f3k \u00e9s magvak: Az \u00e9l\u0151, nyers veg\u00e1n t\u00e1pl\u00e1lkoz\u00e1s alappill\u00e9rei"},"content":{"rendered":"\n<p>Ismerd meg a di\u00f3 \u00e9s magvak j\u00f3t\u00e9kony hat\u00e1sait, \u00e9s tudd meg, hogyan integr\u00e1ld \u0151ket a napi \u00e9trendedbe a legoptim\u00e1lisabban!<\/p>\n\n\n\n<p>A di\u00f3k \u00e9s magvak a nyers veg\u00e1n t\u00e1pl\u00e1lkoz\u00e1s alappill\u00e9rei. De vajon hogyan lehet a legjobban kihaszn\u00e1lni el\u0151nyeiket \u00e9s mire figyelj\u00fcnk fogyaszt\u00e1sukn\u00e1l?<\/p>\n\n\n\n<p><em>Tudj meg t\u00f6bbet a di\u00f3k \u00e9s magok erej\u00e9r\u0151l: Mer\u00fclj el a feh\u00e9rjed\u00fas di\u00f3k \u00e9s magok vil\u00e1g\u00e1ban, \u00e9s fedezd fel mi\u00e9rt n\u00e9lk\u00fcl\u00f6zhetetlenek az \u00e9trendben. Minden r\u00e9szletet \u00e9s tippet itt tal\u00e1lsz:<\/em> <a href=\"https:\/\/monikagungl.com\/hu\/hogyan-juthatsz-feherjehez-diofelekbol-es-magokbol\/\" data-type=\"post\" data-id=\"3690\">Hogyan juthatsz feh\u00e9rj\u00e9hez di\u00f3f\u00e9l\u00e9kb\u0151l \u00e9s magokb\u00f3l?<\/a><\/p>\n\n\n\n<figure class=\"wp-block-image size-full\"><img loading=\"lazy\" decoding=\"async\" width=\"600\" height=\"400\" src=\"https:\/\/monikagungl.com\/wp-content\/uploads\/nuessen-auf-dem-tablett.jpg\" alt=\"Di\u00f3k egy t\u00e1lc\u00e1n\" class=\"wp-image-3244\" srcset=\"https:\/\/monikagungl.com\/wp-content\/uploads\/nuessen-auf-dem-tablett.jpg 600w, https:\/\/monikagungl.com\/wp-content\/uploads\/nuessen-auf-dem-tablett-480x320.jpg 480w\" sizes=\"auto, (max-width: 600px) 100vw, 600px\" \/><\/figure>\n\n\n\n<h2 class=\"wp-block-heading\"><strong><strong>Di\u00f3k \u00e9s magvak jelent\u0151s\u00e9ge a nyersveg\u00e1n \u00e9trendben<\/strong><\/strong><\/h2>\n\n\n\n<p>A di\u00f3f\u00e9l\u00e9k \u00e9s magvak sz\u00e9lesk\u00f6r\u0171 felhaszn\u00e1l\u00e1sa miatt n\u00e9lk\u00fcl\u00f6zhetetlenek a nyersveg\u00e1n \u00e9trendben: nyers-veg\u00e1n tejek, h\u00fas helyettes\u00edt\u0151k, s\u00fctem\u00e9nyek alapjai \u00e9s m\u00e9g sok minden m\u00e1s. Emellett a magvak \u00e9s di\u00f3f\u00e9l\u00e9k \u00e1sv\u00e1nyi anyagokkal, Omega 3, 6, 9 zs\u00edrsavakkal \u00e9s m\u00e1s t\u00e1panyagokkal is ell\u00e1tj\u00e1k szervezet\u00fcnket.<\/p>\n\n\n\n<h2 class=\"wp-block-heading\"><strong><strong>A legn\u00e9pszer\u0171bb magvak \u00e9s di\u00f3f\u00e9l\u00e9k a nyersveg\u00e1n t\u00e1pl\u00e1lkoz\u00e1sban<\/strong><\/strong><\/h2>\n\n\n\n<p>A chiamag, lenmag , di\u00f3, mandula \u00e9s a kendermag napi fogyaszt\u00e1sa k\u00fcl\u00f6n\u00f6sen aj\u00e1nlott. Mindh\u00e1rom mag gazdag \u00e1sv\u00e1nyi anyagokban, vitaminokban \u00e9s zs\u00edrsavakban.<\/p>\n\n\n\n<h3 class=\"wp-block-heading\" id=\"bedeutung-von-nussen-und-samen-in-der-rohkost\"><strong>Chiamag<\/strong><\/h3>\n\n\n\n<p>Ez a mag kiv\u00e1l\u00f3 rostforr\u00e1s, \u00e9s Omega 3 zs\u00edrsavakban is gazdag. Emellett az em\u00e9szt\u00e9s seg\u00edt\u00e9s\u00e9re is kiv\u00e1l\u00f3.<\/p>\n\n\n\n<figure class=\"wp-block-image size-full\"><img loading=\"lazy\" decoding=\"async\" width=\"800\" height=\"534\" src=\"https:\/\/monikagungl.com\/wp-content\/uploads\/chia-pudding-mit-kiwi-rohkost-auf-dunklem-hintergrund-1.jpg\" alt=\"chia-puding-kiwivel-nyers-vegan-taplalkozas\" class=\"wp-image-4699\" srcset=\"https:\/\/monikagungl.com\/wp-content\/uploads\/chia-pudding-mit-kiwi-rohkost-auf-dunklem-hintergrund-1.jpg 800w, https:\/\/monikagungl.com\/wp-content\/uploads\/chia-pudding-mit-kiwi-rohkost-auf-dunklem-hintergrund-1-600x401.jpg 600w, https:\/\/monikagungl.com\/wp-content\/uploads\/chia-pudding-mit-kiwi-rohkost-auf-dunklem-hintergrund-1-768x513.jpg 768w\" sizes=\"auto, (max-width: 800px) 100vw, 800px\" \/><\/figure>\n\n\n\n<h3 class=\"wp-block-heading\" id=\"die-beliebtesten-samen-und-nusse-in-der-rohkost\"><strong>Kendermag<\/strong><\/h3>\n\n\n\n<p>A kendermag feh\u00e9rjetartalma rendk\u00edv\u00fcl magas, \u00e9s az Omega 3, 6, \u00e9s 9 zs\u00edrsavak egyens\u00falyban tal\u00e1lhat\u00f3k benne.<\/p>\n\n\n\n<figure class=\"wp-block-image size-full\"><img loading=\"lazy\" decoding=\"async\" width=\"800\" height=\"534\" src=\"https:\/\/monikagungl.com\/wp-content\/uploads\/handvoll-cannabis-hanfsamen-rohkost-vitalkost-ernaehrung-1.jpg\" alt=\"egy-marek-cannabis-kedermag-nyers-vegan-taplalkozas\" class=\"wp-image-4701\" srcset=\"https:\/\/monikagungl.com\/wp-content\/uploads\/handvoll-cannabis-hanfsamen-rohkost-vitalkost-ernaehrung-1.jpg 800w, https:\/\/monikagungl.com\/wp-content\/uploads\/handvoll-cannabis-hanfsamen-rohkost-vitalkost-ernaehrung-1-600x401.jpg 600w, https:\/\/monikagungl.com\/wp-content\/uploads\/handvoll-cannabis-hanfsamen-rohkost-vitalkost-ernaehrung-1-768x513.jpg 768w\" sizes=\"auto, (max-width: 800px) 100vw, 800px\" \/><\/figure>\n\n\n\n<h3 class=\"wp-block-heading\">Lenmag<\/h3>\n\n\n\n<p>A lenmag nagy mennyis\u00e9g\u0171 E vitamint, B, C, D vitamint \u00e9s \u00e1sv\u00e1nyi anyagokat tartalmaz. Omega 3 zs\u00edrsav tartalma is kiemelked\u0151. Omega 3, 6, 9 zs\u00edrsavakat optim\u00e1lis ar\u00e1nyban tartalmazza.<\/p>\n\n\n\n<figure class=\"wp-block-image size-full\"><img loading=\"lazy\" decoding=\"async\" width=\"800\" height=\"533\" src=\"https:\/\/monikagungl.com\/wp-content\/uploads\/leinsamen-superfood-vitalkost-rohkost-1.jpg\" alt=\"lenmag-superfood-vitalkoszt-nyers-vegan-taplalkozas \" class=\"wp-image-4703\" srcset=\"https:\/\/monikagungl.com\/wp-content\/uploads\/leinsamen-superfood-vitalkost-rohkost-1.jpg 800w, https:\/\/monikagungl.com\/wp-content\/uploads\/leinsamen-superfood-vitalkost-rohkost-1-600x400.jpg 600w, https:\/\/monikagungl.com\/wp-content\/uploads\/leinsamen-superfood-vitalkost-rohkost-1-768x512.jpg 768w\" sizes=\"auto, (max-width: 800px) 100vw, 800px\" \/><\/figure>\n\n\n\n<h3 class=\"wp-block-heading\">Di\u00f3<\/h3>\n\n\n\n<p>Magas az antioxid\u00e1ns szintje, kiv\u00e1l\u00f3 forr\u00e1sa a nyomelemeknek, magn\u00e9ziumnak \u00e9s a foszfornak, E \u00e9s B vitaminokban gazdag, j\u00f3 rostforr\u00e1s. Kiv\u00e1l\u00f3 min\u0151s\u00e9g\u0171 feh\u00e9rj\u00e9t tartalmaz. Omega 3 zs\u00edrsavakban gazdag.<\/p>\n\n\n\n<figure class=\"wp-block-image size-full\"><img loading=\"lazy\" decoding=\"async\" width=\"800\" height=\"530\" src=\"https:\/\/monikagungl.com\/wp-content\/uploads\/walnuesse-eine-quelle-fuer-vitamine-und-nuetzliche-spurenelemente-vitalkost-rohkost-1.jpg\" alt=\"dio-kivalo-vitamin-es-hasznos-nyomelem-forras-vitalkoszt-nyers-vegan\" class=\"wp-image-4705\" srcset=\"https:\/\/monikagungl.com\/wp-content\/uploads\/walnuesse-eine-quelle-fuer-vitamine-und-nuetzliche-spurenelemente-vitalkost-rohkost-1.jpg 800w, https:\/\/monikagungl.com\/wp-content\/uploads\/walnuesse-eine-quelle-fuer-vitamine-und-nuetzliche-spurenelemente-vitalkost-rohkost-1-600x398.jpg 600w, https:\/\/monikagungl.com\/wp-content\/uploads\/walnuesse-eine-quelle-fuer-vitamine-und-nuetzliche-spurenelemente-vitalkost-rohkost-1-768x509.jpg 768w\" sizes=\"auto, (max-width: 800px) 100vw, 800px\" \/><\/figure>\n\n\n\n<h3 class=\"wp-block-heading\">Mandula<\/h3>\n\n\n\n<p>Kiv\u00e1l\u00f3 magn\u00e9zium, r\u00e9z, k\u00e1lium, cink \u00e9s k\u00e1lcium forr\u00e1s. Magas az antioxid\u00e1ns tartalma. Jelent\u0151s mennyis\u00e9g\u0171 n\u00f6v\u00e9nyi feh\u00e9rj\u00e9t tartalmaz. E vitaminban gazdag, B2 vitaminban \u00e9s niacinban is b\u0151velkedik. A mandula kiv\u00e1l\u00f3 forr\u00e1sa a egyszeresen tel\u00edtett zs\u00edrsavak, amelyeket \u00f6sszef\u00fcgg\u00e9sbe hoznak a sz\u00edvbetegs\u00e9g kock\u00e1zat\u00e1nak cs\u00f6kken\u00e9s\u00e9vel.<\/p>\n\n\n\n<figure class=\"wp-block-image size-full\"><img loading=\"lazy\" decoding=\"async\" width=\"800\" height=\"533\" src=\"https:\/\/monikagungl.com\/wp-content\/uploads\/mandeln-vitalkost-rohkost-ernaehrung-1.jpg\" alt=\"mandula-vitalkoszt-nyers-vegan-taplalkozas\" class=\"wp-image-4707\" srcset=\"https:\/\/monikagungl.com\/wp-content\/uploads\/mandeln-vitalkost-rohkost-ernaehrung-1.jpg 800w, https:\/\/monikagungl.com\/wp-content\/uploads\/mandeln-vitalkost-rohkost-ernaehrung-1-600x400.jpg 600w, https:\/\/monikagungl.com\/wp-content\/uploads\/mandeln-vitalkost-rohkost-ernaehrung-1-768x512.jpg 768w\" sizes=\"auto, (max-width: 800px) 100vw, 800px\" \/><\/figure>\n\n\n\n<h2 class=\"wp-block-heading\"><strong>Mire \u00e9rdemes figyelni a di\u00f3f\u00e9l\u00e9k \u00e9s magok fogyaszt\u00e1sakor?<\/strong><\/h2>\n\n\n\n<p>A di\u00f3- \u00e9s magf\u00e9l\u00e9ket aj\u00e1nlott be\u00e1ztatni fogyaszt\u00e1s el\u0151tt. Az \u00e1ztat\u00e1s seg\u00edt az em\u00e9szt\u00e9sben \u00e9s a t\u00e1panyagok felsz\u00edv\u00f3d\u00e1s\u00e1ban.<\/p>\n\n\n\n<p>Az olajos magvak \u00e9s a di\u00f3f\u00e9l\u00e9kben fitinsavak tal\u00e1lhat\u00f3k, melyek a magvakat g\u00e1tolj\u00e1k az id\u0151 el\u0151tti kics\u00edr\u00e1z\u00e1st\u00f3l. Szervezet\u00fcnkben pedig a fitinsav g\u00e1tolja a hasznos t\u00e1panyagok felsz\u00edv\u00f3d\u00e1s\u00e1t, \u00e9s \u00fagynevezett enzimg\u00e1tl\u00f3k\u00e9nt is m\u0171k\u00f6dnek, melyek megnehez\u00edtik em\u00e9szt\u00e9s\u00fcket.<\/p>\n\n\n\n<p>Mit tehet\u00fcnk, hogy m\u00e9gis hozz\u00e1jussunk a di\u00f3f\u00e9l\u00e9k \u00e9s az olajos magvak rendk\u00edv\u00fcl hasznos beltartalm\u00e1hoz?<\/p>\n\n\n\n<p>Fogyaszt\u00e1suk el\u0151tt aktiv\u00e1lni kell \u0151ket, azaz be kell \u00e1ztatni.<\/p>\n\n\n\n<p>\u00c1ztat\u00e1s sor\u00e1n a magvakban \u00e9s a di\u00f3f\u00e9l\u00e9kben elindulnak a cs\u00edr\u00e1z\u00e1si folyamatok, ami lebontja a fitinsavat, \u00edgy megsz\u0171nik az enzimm\u0171k\u00f6d\u00e9st \u00e9s felsz\u00edv\u00f3d\u00e1st g\u00e1tl\u00f3 hat\u00e1s.<\/p>\n\n\n\n<p>Ezut\u00e1n m\u00e1r nyugodtan fogyaszthatjuk a szervezet\u00fcnk sz\u00e1m\u00e1ra fontos t\u00e1panyagokkal teli magvakat \u00e9s di\u00f3f\u00e9l\u00e9ket.<\/p>\n\n\n\n<p><a rel=\"noreferrer noopener\" href=\"httpss:\/\/napkonyha.com\/isteni-finom-homogenizalt-mandulatej-recept\/\" target=\"_blank\">Hogyan k\u00e9sz\u00edts magtejeket? \u00cdme egy isteni finom mandulatej recept!<\/a><\/p>\n\n\n\n<h2 class=\"wp-block-heading\"><strong>Mire figyelj\u00fcnk a magok \u00e9s di\u00f3f\u00e9l\u00e9k v\u00e1s\u00e1rl\u00e1sakor?<\/strong><\/h2>\n\n\n\n<p>\u00c9rdemes eg\u00e9sz \u00e9s nem p\u00f6rk\u00f6lt magokat, di\u00f3f\u00e9l\u00e9ket v\u00e1s\u00e1rolni. A bioboltokban kaphat\u00f3 term\u00e9kek is gyakran h\u0151kezeltek, \u00e9rdemes nyers, kezeletlen magokat beszerezni. Ez a cimk\u00e9n is gyakran fel van t\u00fcntetve. Legjobb termel\u0151t\u0151l v\u00e1s\u00e1rolni.<\/p>\n\n\n\n<h2 class=\"wp-block-heading\"><strong><strong>Magok \u00e9s di\u00f3f\u00e9l\u00e9k \u00e1ztat\u00e1si ideje<\/strong><\/strong><\/h2>\n\n\n\n<p>Egy \u00e1ttekint\u0151 t\u00e1bl\u00e1zat seg\u00edt eligazodni a k\u00fcl\u00f6nb\u00f6z\u0151 t\u00edpus\u00fa magvak \u00e9s di\u00f3f\u00e9l\u00e9k \u00e1ztat\u00e1si idej\u00e9ben.<\/p>\n\n\n\n<figure class=\"wp-block-table is-style-stripes\"><table class=\"has-vivid-green-cyan-background-color has-background\"><thead><tr><th>Di\u00f3k\/Magvak<\/th><th>\u00c1ztat\u00e1si id\u0151 <\/th><\/tr><\/thead><tbody><tr><td><strong>Di\u00f3, Pek\u00e1ndi\u00f3, Feny\u0151mag<\/strong><\/td><td><strong>3-4 \u00f3ra<\/strong><\/td><\/tr><tr><td><strong>Mandula<\/strong><\/td><td><strong>12 \u00f3ra<\/strong><\/td><\/tr><tr><td><strong>Napraforg\u00f3mag, T\u00f6kmag<\/strong><\/td><td><strong>5-6 \u00f3ra<\/strong><\/td><\/tr><tr><td><strong>Lenmag<\/strong> (nem kell \u00e1ztat\u00e1s ut\u00e1n le\u00f6bl\u00edteni)<\/td><td><strong>6 \u00f3ra<\/strong><\/td><\/tr><tr><td><strong>Chia mag<\/strong><\/td><td><strong>2 \u00f3ra<\/strong><\/td><\/tr><tr><td><strong>Szez\u00e1mmag<\/strong><\/td><td><strong>4 \u00f3ra<\/strong><\/td><\/tr><tr><td><strong>Makad\u00e1mdi\u00f3<\/strong><\/td><td><strong>nem kell \u00e1ztatni<\/strong><\/td><\/tr><tr><td><strong>Kesudi\u00f3<\/strong><\/td><td><strong>3-4 \u00f3ra<\/strong><\/td><\/tr><tr><td><strong>M\u00e1k<\/strong><\/td><td><strong>2 \u00f3ra<\/strong><\/td><\/tr><\/tbody><\/table><\/figure>\n\n\n\n<h2 class=\"wp-block-heading\"><strong>\u00d6sszegz\u00e9s<\/strong><\/h2>\n\n\n\n<p>A magvak \u00e9s di\u00f3f\u00e9l\u00e9k az \u00e9trend\u00fcnk soksz\u00edn\u0171 \u00e9s t\u00e1pl\u00e1l\u00f3 elemei. T\u00f6bbsz\u00f6r\u00f6s el\u0151ny\u00f6kkel b\u00edrnak: nem csak finomak \u00e9s v\u00e1ltozatosak, de rendk\u00edv\u00fcl gazdagok t\u00e1panyagokban is. A megfelel\u0151 el\u0151k\u00e9sz\u00edt\u00e9s \u00e9s fogyaszt\u00e1suk mellett fontos a min\u0151s\u00e9gi term\u00e9kek kiv\u00e1laszt\u00e1sa is. Az \u00e1ztat\u00e1s \u00e9s a gondos el\u0151k\u00e9sz\u00edt\u00e9s nem csak az \u00edz\u00e9lm\u00e9nyt jav\u00edtja, de seg\u00edti a t\u00e1panyagok jobb hasznosul\u00e1s\u00e1t is. <\/p>\n\n\n\n<p>L\u00e9pj\u00fcnk egy szinttel feljebb az \u00e9tkez\u00e9s ter\u00e9n a tudatos v\u00e1laszt\u00e1sokkal, \u00e9s \u00e9lvezz\u00fck a magvakb\u00f3l \u00e9s di\u00f3f\u00e9l\u00e9kb\u0151l sz\u00e1rmaz\u00f3 eg\u00e9szs\u00e9g\u00fcgyi el\u0151ny\u00f6ket!<\/p>\n","protected":false},"excerpt":{"rendered":"<p>Warum sind N\u00fcsse und Samen in der Rohkost so wichtig? Erfahre mehr \u00fcber ihre Vorteile.<\/p>\n","protected":false},"author":2,"featured_media":4696,"comment_status":"open","ping_status":"closed","sticky":false,"template":"","format":"standard","meta":{"_seopress_robots_primary_cat":"none","_seopress_titles_title":"Di\u00f3k \u00e9s magvak: Az \u00e9l\u0151, nyers veg\u00e1n t\u00e1pl\u00e1lkoz\u00e1s alappill\u00e9rei","_seopress_titles_desc":"A mandul\u00e1t\u00f3l a di\u00f3ig: Fedezdfel, hogy a di\u00f3 hogyan adhat extra feh\u00e9rjeadagot szervezetednek!","_seopress_robots_index":"","footnotes":""},"categories":[114,117,116,1],"tags":[],"class_list":["post-3670","post","type-post","status-publish","format-standard","has-post-thumbnail","hentry","category-ernaehrungsberatung-blog-hu","category-integralernaehrung-gesundheit-hu","category-rohkost-hu","category-unkategorisiert"],"meta_box":[],"_links":{"self":[{"href":"https:\/\/monikagungl.com\/hu\/wp-json\/wp\/v2\/posts\/3670","targetHints":{"allow":["GET"]}}],"collection":[{"href":"https:\/\/monikagungl.com\/hu\/wp-json\/wp\/v2\/posts"}],"about":[{"href":"https:\/\/monikagungl.com\/hu\/wp-json\/wp\/v2\/types\/post"}],"author":[{"embeddable":true,"href":"https:\/\/monikagungl.com\/hu\/wp-json\/wp\/v2\/users\/2"}],"replies":[{"embeddable":true,"href":"https:\/\/monikagungl.com\/hu\/wp-json\/wp\/v2\/comments?post=3670"}],"version-history":[{"count":9,"href":"https:\/\/monikagungl.com\/hu\/wp-json\/wp\/v2\/posts\/3670\/revisions"}],"predecessor-version":[{"id":5241,"href":"https:\/\/monikagungl.com\/hu\/wp-json\/wp\/v2\/posts\/3670\/revisions\/5241"}],"wp:featuredmedia":[{"embeddable":true,"href":"https:\/\/monikagungl.com\/hu\/wp-json\/wp\/v2\/media\/4696"}],"wp:attachment":[{"href":"https:\/\/monikagungl.com\/hu\/wp-json\/wp\/v2\/media?parent=3670"}],"wp:term":[{"taxonomy":"category","embeddable":true,"href":"https:\/\/monikagungl.com\/hu\/wp-json\/wp\/v2\/categories?post=3670"},{"taxonomy":"post_tag","embeddable":true,"href":"https:\/\/monikagungl.com\/hu\/wp-json\/wp\/v2\/tags?post=3670"}],"curies":[{"name":"wp","href":"https:\/\/api.w.org\/{rel}","templated":true}]}}