{"id":3902,"date":"2024-12-22T19:20:07","date_gmt":"2024-12-22T18:20:07","guid":{"rendered":"http:\/\/monikagungl.com\/algen-das-gruene-superfood\/"},"modified":"2024-03-05T19:14:08","modified_gmt":"2024-03-05T18:14:08","slug":"algak-a-superfoodok","status":"publish","type":"post","link":"https:\/\/monikagungl.com\/hu\/algak-a-superfoodok\/","title":{"rendered":"Alg\u00e1k: A z\u00f6ld superfood-ok a tengerb\u0151l."},"content":{"rendered":"\n<p>Megtudhatod, mi\u00e9rt az alg\u00e1k a j\u00f6v\u0151 t\u00e1pl\u00e1l\u00e9kai \u00e9s hogyan fogyaszthatod \u0151ket.<\/p>\n\n\n\n<p>Alga nem csak a z\u00f6ld trutyi, amit tal\u00e1n a pocsoly\u00e1kb\u00f3l ismersz. Ezek a tengeri n\u00f6v\u00e9nyek \u00e9rt\u00e9kes t\u00e1panyagforr\u00e1sk\u00e9nt szolg\u00e1lnak \u00e9s hozz\u00e1j\u00e1rulhatnak az eg\u00e9szs\u00e9ged er\u0151s\u00edt\u00e9s\u00e9hez<\/p>\n\n\n\n<h2 class=\"wp-block-heading\">Minden, amit az alg\u00e1kr\u00f3l tudnod kell<\/h2>\n\n\n\n<p>Alg\u00e1k, melyeket a tengeri szuper\u00e9telekk\u00e9nt ismernek, sz\u00e1mos eg\u00e9szs\u00e9g\u00fcgyi el\u0151nnyel szolg\u00e1lnak sz\u00e1munkra. Ha m\u00e9g nem vagy tiszt\u00e1ban azzal, hogy mi\u00e9rt k\u00fcl\u00f6nlegesek az alg\u00e1k \u00e9s hogyan integr\u00e1lhatod \u0151ket az \u00e9trendedbe, olvass tov\u00e1bb!<\/p>\n\n\n\n<h3 class=\"wp-block-heading\"><strong>Mi\u00e9rt olyan fontosak az alg\u00e1k?<\/strong><\/h3>\n\n\n\n<p>Sokan az alg\u00e1kat a medenc\u00e9k sz\u00e9l\u00e9n l\u00e9v\u0151 cs\u00fasz\u00f3s massz\u00e1val azonos\u00edtj\u00e1k. De az alga vil\u00e1ga soksz\u00edn\u0171 \u00e9s t\u00f6bb mint 25.000 fajnak ad otthont. Az emberi fogyaszt\u00e1sra k\u00fcl\u00f6n\u00f6sen ismertek a k\u00e9kalg\u00e1k (mint p\u00e9ld\u00e1ul a spirulina), z\u00f6ldalg\u00e1k (mint p\u00e9ld\u00e1ul a chlorella) \u00e9s v\u00f6r\u00f6salg\u00e1k.<\/p>\n\n\n\n<h3 class=\"wp-block-heading\">Az alg\u00e1k el\u0151nyei<\/h3>\n\n\n\n<p>Az alg\u00e1k gazdagok vitaminokban, \u00e1sv\u00e1nyi anyagokban, nyomelemekben \u00e9s klorofillban. Ak\u00e1r t\u00f6bb ezer liter tengeri v\u00edz t\u00e1panyagtartalm\u00e1t is magukban hordozz\u00e1k, ez\u00e9rt v\u00e1ltak az \u0171rhaj\u00f3sok kedvelt \u00e9lelmiszerforr\u00e1s\u00e1v\u00e1.<\/p>\n\n\n\n<h3 class=\"wp-block-heading\">Alg\u00e1k kulin\u00e1ris felhaszn\u00e1l\u00e1sa<\/h3>\n\n\n\n<p>Ak\u00e1r veg\u00e1n, veget\u00e1ri\u00e1nus vagy mindenev\u0151 vagy, az alg\u00e1k \u00edzletes \u00e9s t\u00e1panyagban gazdag kieg\u00e9sz\u00edt\u0151k\u00e9nt szolg\u00e1lhatnak az \u00e9trendedben. Por form\u00e1j\u00e1ban turmixokba keverhet\u0151k, vagy eg\u00e9sz form\u00e1jukban levesekben \u00e9s sal\u00e1t\u00e1kban haszn\u00e1lhat\u00f3k.<\/p>\n\n\n\n<figure class=\"wp-block-image size-full\"><img loading=\"lazy\" decoding=\"async\" width=\"800\" height=\"514\" src=\"https:\/\/monikagungl.com\/wp-content\/uploads\/koestliche-algen.jpg\" alt=\"z\u00f6ld alg\u00e1k egy t\u00e1ny\u00e9ron\" class=\"wp-image-3897\" srcset=\"https:\/\/monikagungl.com\/wp-content\/uploads\/koestliche-algen.jpg 800w, https:\/\/monikagungl.com\/wp-content\/uploads\/koestliche-algen-600x386.jpg 600w, https:\/\/monikagungl.com\/wp-content\/uploads\/koestliche-algen-768x493.jpg 768w\" sizes=\"auto, (max-width: 800px) 100vw, 800px\" \/><\/figure>\n\n\n\n<h3 class=\"wp-block-heading\">Hogyan haszn\u00e1ljuk az alg\u00e1kat a nyers \u00e9trendben?<\/h3>\n\n\n\n<p>A spirulin\u00e1t \u00e9s a chlorell\u00e1t legjobb por form\u00e1j\u00e1ban fogyasztani, p\u00e9ld\u00e1ul a napi turmixodban. Napi 5-10g mennyis\u00e9get aj\u00e1nlanak.<\/p>\n\n\n\n<h2 class=\"wp-block-heading\"><strong>Kelp (Barnaalga)<\/strong><\/h2>\n\n\n\n<h3 class=\"wp-block-heading\">Eredet<\/h3>\n\n\n\n<p>A kelpet, melyet gyakran barnamoszatk\u00e9nt is eml\u00edtenek, f\u0151k\u00e9nt az \u00e9szaki f\u00e9lteke h\u0171v\u00f6s tengerparti r\u00e9gi\u00f3iban tal\u00e1ljuk, f\u0151leg az \u00c9szaki-Atlanti \u00f3ce\u00e1nban \u00e9s a Csendes-\u00f3ce\u00e1nban.<\/p>\n\n\n\n<figure class=\"wp-block-image size-full\"><img loading=\"lazy\" decoding=\"async\" width=\"800\" height=\"533\" src=\"https:\/\/monikagungl.com\/wp-content\/uploads\/eine-gruppe-verspielter-seeloewen-tummelt-sich-in-einem-lebhaften-kelpwald-mit-bunten-fischarten-und-schwimmt-1.jpg\" alt=\"oroszlanfokak-jatszanak-a superfood-kelp-erdoeben\" class=\"wp-image-4614\" srcset=\"https:\/\/monikagungl.com\/wp-content\/uploads\/eine-gruppe-verspielter-seeloewen-tummelt-sich-in-einem-lebhaften-kelpwald-mit-bunten-fischarten-und-schwimmt-1.jpg 800w, https:\/\/monikagungl.com\/wp-content\/uploads\/eine-gruppe-verspielter-seeloewen-tummelt-sich-in-einem-lebhaften-kelpwald-mit-bunten-fischarten-und-schwimmt-1-600x400.jpg 600w, https:\/\/monikagungl.com\/wp-content\/uploads\/eine-gruppe-verspielter-seeloewen-tummelt-sich-in-einem-lebhaften-kelpwald-mit-bunten-fischarten-und-schwimmt-1-768x512.jpg 768w\" sizes=\"auto, (max-width: 800px) 100vw, 800px\" \/><\/figure>\n\n\n\n<h3 class=\"wp-block-heading\">T\u00e1panyagtartalom<\/h3>\n\n\n\n<p>A kelp k\u00fcl\u00f6n\u00f6sen ismert magas j\u00f3dtartalm\u00e1r\u00f3l, amely fontos a pajzsmirigy m\u0171k\u00f6d\u00e9s\u00e9hez. Ezenk\u00edv\u00fcl a kelp tartalmaz k\u00f6r\u00fclbel\u00fcl 10% feh\u00e9rj\u00e9t, sokf\u00e9le vitamint, mint p\u00e9ld\u00e1ul a K-vitamint, B-vitaminokat, valamint fontos \u00e1sv\u00e1nyi anyagokat, mint a kalciumot, magn\u00e9ziumot \u00e9s a vasat.<\/p>\n\n\n\n<h3 class=\"wp-block-heading\">Eg\u00e9szs\u00e9g\u00fcgyi el\u0151nyei<\/h3>\n\n\n\n<p>Magas j\u00f3dtartalma miatt a kelp t\u00e1mogatja a pajzsmirigy norm\u00e1l m\u0171k\u00f6d\u00e9s\u00e9t. Egy j\u00f3l m\u0171k\u00f6d\u0151 pajzsmirigy fontos az anyagcser\u00e9hez, az energiatermel\u00e9shez \u00e9s az \u00e1ltal\u00e1nos j\u00f3 k\u00f6z\u00e9rzethez. A kelp a magas \u00e1sv\u00e1nyi anyag tartalma miatt hozz\u00e1j\u00e1rulhat a csontok eg\u00e9szs\u00e9g\u00e9hez is.<\/p>\n\n\n\n<h3 class=\"wp-block-heading\">Fogyaszt\u00e1s<\/h3>\n\n\n\n<p>A kelptet sz\u00e1r\u00edtott form\u00e1ban f\u0171szerk\u00e9nt vagy levesekben \u00e9s sal\u00e1t\u00e1kban is fel lehet haszn\u00e1lni. Vannak kelp \u00e9trend-kieg\u00e9sz\u00edt\u0151k tabletta vagy kapszula form\u00e1j\u00e1ban is. A nyers veg\u00e1n konyh\u00e1ban kr\u00e9mek s\u00fcr\u00edt\u00e9s\u00e9re \u00e9s zsel\u00e9s\u00edt\u00e9sre haszn\u00e1lj\u00e1k.<\/p>\n\n\n\n<h3 class=\"wp-block-heading\"><strong>Be<\/strong>szerz\u00e9s<\/h3>\n\n\n\n<p>A kelp term\u00e9kek bioboltokban, gy\u00f3gyszert\u00e1rakban vagy specializ\u00e1lt online boltokban kaphat\u00f3k.<\/p>\n\n\n\n<h2 class=\"wp-block-heading\"><strong>Chlorella<\/strong><\/h2>\n\n\n\n<h3 class=\"wp-block-heading\">Eredet<\/h3>\n\n\n\n<p>A chlorella egy \u00e9desv\u00edzi alga, mely tavakban \u00e9s kis tavakban n\u0151 vil\u00e1gszerte.<\/p>\n\n\n\n<figure class=\"wp-block-image size-full\"><img loading=\"lazy\" decoding=\"async\" width=\"800\" height=\"603\" src=\"https:\/\/monikagungl.com\/wp-content\/uploads\/chlorella-algen-1.jpg\" alt=\"superfood-chlorella-alga-a-vizekben\" class=\"wp-image-4616\" srcset=\"https:\/\/monikagungl.com\/wp-content\/uploads\/chlorella-algen-1.jpg 800w, https:\/\/monikagungl.com\/wp-content\/uploads\/chlorella-algen-1-600x452.jpg 600w, https:\/\/monikagungl.com\/wp-content\/uploads\/chlorella-algen-1-768x579.jpg 768w\" sizes=\"auto, (max-width: 800px) 100vw, 800px\" \/><\/figure>\n\n\n\n<h3 class=\"wp-block-heading\">T\u00e1panyagtartalom<\/h3>\n\n\n\n<p>A chlorella feh\u00e9rj\u00e9ben gazdag, gyakran az \u00f6sszs\u00faly\u00e1nak 50-60%-\u00e1t teszi ki. Ezenk\u00edv\u00fcl kiv\u00e1l\u00f3 klorofill, B12-vitamin, vas \u00e9s omega-3 zs\u00edrsavak forr\u00e1sa.<\/p>\n\n\n\n<h3 class=\"wp-block-heading\">Eg\u00e9szs\u00e9g\u00fcgyi el\u0151nyei<\/h3>\n\n\n\n<p>A chlorell\u00e1t gyakran a szervezet m\u00e9regtelen\u00edt\u00e9s\u00e9re haszn\u00e1lj\u00e1k, k\u00fcl\u00f6n\u00f6sen neh\u00e9zf\u00e9mek, mint a \u00f3lom, r\u00e9z \u00e9s higany megk\u00f6t\u00e9s\u00e9re, amelyek \u00edgy ki\u00fcr\u00fclhetnek a szervezetb\u0151l. Az alga t\u00e1mogatja az immunrendszert \u00e9s magas klorofilltartalma r\u00e9v\u00e9n hozz\u00e1j\u00e1rulhat a v\u00e9rk\u00e9pz\u00e9shez.<\/p>\n\n\n\n<h3 class=\"wp-block-heading\">Fogyaszt\u00e1sa<\/h3>\n\n\n\n<p>A chlorell\u00e1t \u00e1ltal\u00e1ban tabletta-, por- vagy kapszula form\u00e1j\u00e1ban veszik be, de smoothie-khoz vagy \u00e9telekhez is hozz\u00e1adhat\u00f3.<\/p>\n\n\n\n<h3 class=\"wp-block-heading\"><strong>Be<\/strong>szerz\u00e9si forr\u00e1sok<\/h3>\n\n\n\n<p>A chlorella term\u00e9kek sz\u00e9les k\u00f6rben kaphat\u00f3k eg\u00e9szs\u00e9g\u00fcgyi boltokban, gy\u00f3gyszert\u00e1rakban \u00e9s online \u00e1ruh\u00e1zakban.<\/p>\n\n\n\n<h2 class=\"wp-block-heading\"><strong>Spirulina<\/strong><\/h2>\n\n\n\n<h3 class=\"wp-block-heading\">Eredet<\/h3>\n\n\n\n<p>A spirulina egy k\u00e9k-z\u00f6ld mikroalga, mely \u00e9desv\u00edzi tavakban n\u00f6vekszik, f\u0151leg meleg r\u00e9gi\u00f3kban.<\/p>\n\n\n\n<figure class=\"wp-block-image size-full\"><img loading=\"lazy\" decoding=\"async\" width=\"800\" height=\"533\" src=\"https:\/\/monikagungl.com\/wp-content\/uploads\/gruene-algen-bluete-1.jpg\" alt=\"superfood-zoeld-algak\" class=\"wp-image-4625\" srcset=\"https:\/\/monikagungl.com\/wp-content\/uploads\/gruene-algen-bluete-1.jpg 800w, https:\/\/monikagungl.com\/wp-content\/uploads\/gruene-algen-bluete-1-600x400.jpg 600w, https:\/\/monikagungl.com\/wp-content\/uploads\/gruene-algen-bluete-1-768x512.jpg 768w\" sizes=\"auto, (max-width: 800px) 100vw, 800px\" \/><\/figure>\n\n\n\n<h3 class=\"wp-block-heading\">T\u00e1panyagtartalom<\/h3>\n\n\n\n<p>A spirulina k\u00f6r\u00fclbel\u00fcl 55-70% feh\u00e9rj\u00e9t tartalmaz \u00e9s nagy mennyis\u00e9g\u0171 B12-vitamint, vasat, k\u00e1liumot \u00e9s magn\u00e9ziumot k\u00edn\u00e1l. Emellett gazdag antioxid\u00e1nsokban.<\/p>\n\n\n\n<h3 class=\"wp-block-heading\">Eg\u00e9szs\u00e9g\u00fcgyi el\u0151ny\u00f6k<\/h3>\n\n\n\n<p>A spirulina er\u0151s\u00edtheti az immunrendszert \u00e9s gyullad\u00e1sg\u00e1tl\u00f3 tulajdons\u00e1gokkal rendelkezik. A magas feh\u00e9rjetartalma r\u00e9v\u00e9n hozz\u00e1j\u00e1rulhat az izomn\u00f6veked\u00e9shez \u00e9s regener\u00e1ci\u00f3hoz. A spirulina antioxid\u00e1nsai seg\u00edthetnek a szervezetben l\u00e9v\u0151 k\u00e1ros szabadgy\u00f6k\u00f6k semleges\u00edt\u00e9s\u00e9ben.<\/p>\n\n\n\n<h3 class=\"wp-block-heading\">Fogyaszt\u00e1s<\/h3>\n\n\n\n<p>A spirulin\u00e1t gyakran por vagy tabletta form\u00e1j\u00e1ban fogyasztj\u00e1k, \u00e9s smoothie-khoz vagy m\u00e1s \u00e9lelmiszerekhez is hozz\u00e1adhat\u00f3.<\/p>\n\n\n\n<h3 class=\"wp-block-heading\"><strong>Be<\/strong>szerz\u00e9si forr\u00e1sok<\/h3>\n\n\n\n<p>A spirulina kaphat\u00f3 reformboltokban, szupermarketekben, gy\u00f3gyszert\u00e1rakban \u00e9s online \u00e1ruh\u00e1zakban.<\/p>\n\n\n\n<h2 class=\"wp-block-heading\"><strong>V\u00f6r\u00f6s Alg<\/strong>a (<strong>Asparagopsis taxiformis<\/strong>)<\/h2>\n\n\n\n<h3 class=\"wp-block-heading\">Eredet<\/h3>\n\n\n\n<p>A v\u00f6r\u00f6s alg\u00e1k sz\u00e1mos tengeri ter\u00fcleten megtal\u00e1lhat\u00f3k, k\u00fcl\u00f6n\u00f6sen a vil\u00e1g \u00f3ce\u00e1njainak m\u00e9ly\u00e9n. A legjobb min\u0151s\u00e9gben Tenerife-n.<\/p>\n\n\n\n<figure class=\"wp-block-image size-full\"><img loading=\"lazy\" decoding=\"async\" width=\"800\" height=\"533\" src=\"https:\/\/monikagungl.com\/wp-content\/uploads\/rote-algen-2.jpg\" alt=\"superfood-voeroes-alga\" class=\"wp-image-4620\" srcset=\"https:\/\/monikagungl.com\/wp-content\/uploads\/rote-algen-2.jpg 800w, https:\/\/monikagungl.com\/wp-content\/uploads\/rote-algen-2-600x400.jpg 600w, https:\/\/monikagungl.com\/wp-content\/uploads\/rote-algen-2-768x512.jpg 768w\" sizes=\"auto, (max-width: 800px) 100vw, 800px\" \/><\/figure>\n\n\n\n<h3 class=\"wp-block-heading\">T\u00e1panyagtartalom<\/h3>\n\n\n\n<p>A v\u00f6r\u00f6s alg\u00e1k feh\u00e9rj\u00e9ben gazdagok, gyakran k\u00f6r\u00fclbel\u00fcl 20-30%-ban a sz\u00e1razt\u00f6meg\u00fckben. Emellett \u00e9rt\u00e9kes \u00e1sv\u00e1nyi anyagokat, mint a vasat, kalciumot \u00e9s magn\u00e9ziumot is tartalmaznak.<\/p>\n\n\n\n<h3 class=\"wp-block-heading\">Eg\u00e9szs\u00e9g\u00fcgyi el\u0151ny\u00f6k<\/h3>\n\n\n\n<p>A v\u00f6r\u00f6s alg\u00e1k j\u00f3 forr\u00e1sai az agar-agar-nak, egy n\u00f6v\u00e9nyi zsel\u00e9s\u00edt\u0151anyagnak, amelyet gyakran \u00e1llati zselatin helyett haszn\u00e1lnak. Az agar t\u00e1mogathatja az em\u00e9szt\u00e9st \u00e9s hozz\u00e1j\u00e1rulhat a koleszterinszint szab\u00e1lyoz\u00e1s\u00e1hoz. Ezenk\u00edv\u00fcl a piros alg\u00e1kban tal\u00e1lhat\u00f3 \u00e1sv\u00e1nyi anyagok hozz\u00e1j\u00e1rulhatnak a csontok eg\u00e9szs\u00e9g\u00e9hez.<\/p>\n\n\n\n<h3 class=\"wp-block-heading\">Fogyaszt\u00e1s<\/h3>\n\n\n\n<p>A piros alg\u00e1kat sz\u00e1r\u00edtott form\u00e1ban k\u00fcl\u00f6nf\u00e9le \u00e9telekben haszn\u00e1lj\u00e1k, gyakran az \u00e1zsiai konyh\u00e1ban.<\/p>\n\n\n\n<h3 class=\"wp-block-heading\"><strong>Be<\/strong>szerz\u00e9si forr\u00e1sok<\/h3>\n\n\n\n<p>A piros alg\u00e1val k\u00e9sz\u00fclt term\u00e9kek kaphat\u00f3k reformboltokban, specializ\u00e1lt szupermarketekben \u00e9s online.<\/p>\n\n\n\n<h2 class=\"wp-block-heading\"><strong>Dunaliella Alga<\/strong><\/h2>\n\n\n\n<h3 class=\"wp-block-heading\">Eredet<\/h3>\n\n\n\n<p>A Dunaliella, k\u00fcl\u00f6n\u00f6sen a Dunaliella salina, egy mikroszkopikus z\u00f6ld alga, amely kiv\u00e1l\u00f3an alkalmazkodik s\u00f3s k\u00f6rnyezethez, \u00edgy azokban a vizekben tal\u00e1lhat\u00f3 meg, ahol magas a s\u00f3tartalom, pl. s\u00f3s tavak, Holt tenger, V\u00f6r\u00f6s tenger.<\/p>\n\n\n\n<h3 class=\"wp-block-heading\">T\u00e1panyag tartalom<\/h3>\n\n\n\n<p>A Dunaliella-alg\u00e1k k\u00fcl\u00f6n\u00f6sen gazdagok b\u00e9ta-karotinban, egy fontos antioxid\u00e1nsban. Emellett m\u00e9rs\u00e9kelt feh\u00e9rjetartalommal rendelkeznek.<\/p>\n\n\n\n<h3 class=\"wp-block-heading\">Eg\u00e9szs\u00e9g\u00fcgyi el\u0151ny\u00f6k<\/h3>\n\n\n\n<p>A Dunaliella-alg\u00e1k k\u00fcl\u00f6n\u00f6sen gazdagok b\u00e9ta-karotinban, ami a szervezetben A-vitaminn\u00e1 alakul. Az A-vitamin fontos a l\u00e1t\u00e1s, az immunrendszer \u00e9s a b\u0151r eg\u00e9szs\u00e9g\u00e9hez. Elegend\u0151 A-vitamin bevitel hozz\u00e1j\u00e1rulhat a fert\u0151z\u0151 betegs\u00e9gek megel\u0151z\u00e9s\u00e9hez.<\/p>\n\n\n\n<h3 class=\"wp-block-heading\">Fogyaszt\u00e1s<\/h3>\n\n\n\n<p>A Dunaliell\u00e1t f\u0151k\u00e9nt \u00e9trend-kieg\u00e9sz\u00edt\u0151k\u00e9nt, kapszula form\u00e1j\u00e1ban k\u00edn\u00e1lj\u00e1k.<\/p>\n\n\n\n<h3 class=\"wp-block-heading\"><strong>Be<\/strong>szerz\u00e9si forr\u00e1sok<\/h3>\n\n\n\n<p>A Dunaliella-alg\u00e1val k\u00e9sz\u00fclt term\u00e9kek kaphat\u00f3k specializ\u00e1lt gy\u00f3gyszert\u00e1rakban \u00e9s online \u00e1ruh\u00e1zakban.<\/p>\n\n\n\n<h2 class=\"wp-block-heading\"><strong>T\u00fcrkiz-k\u00e9k Alg\u00e1k (gyakran k\u00e9k algak\u00e9nt eml\u00edtik)<\/strong><\/h2>\n\n\n\n<figure class=\"wp-block-image size-full\"><img loading=\"lazy\" decoding=\"async\" width=\"800\" height=\"537\" src=\"https:\/\/monikagungl.com\/wp-content\/uploads\/rohkost-torte-mit-blauen-alge-und-mango-1.jpg\" alt=\"rohkost-torte-mit-blauen-alge-mango-johannisbeeren\" class=\"wp-image-3899\" srcset=\"https:\/\/monikagungl.com\/wp-content\/uploads\/rohkost-torte-mit-blauen-alge-und-mango-1.jpg 800w, https:\/\/monikagungl.com\/wp-content\/uploads\/rohkost-torte-mit-blauen-alge-und-mango-1-600x403.jpg 600w, https:\/\/monikagungl.com\/wp-content\/uploads\/rohkost-torte-mit-blauen-alge-und-mango-1-768x516.jpg 768w\" sizes=\"auto, (max-width: 800px) 100vw, 800px\" \/><\/figure>\n\n\n\n<h3 class=\"wp-block-heading\">Eredet<\/h3>\n\n\n\n<p>A t\u00fcrkiz-k\u00e9k alg\u00e1k, tudom\u00e1nyosan ismertek mint Cyanobakt\u00e9riumok, a F\u00f6ld n\u00e9h\u00e1ny leg\u0151sibb mikroorganizmusai k\u00f6z\u00e9 tartoznak. Vil\u00e1gszerte sok \u00e9desv\u00edzi k\u00f6rnyezetben megtal\u00e1lhat\u00f3k, bele\u00e9rtve a tavakat, foly\u00f3kat \u00e9s tavacsk\u00e1kat.<\/p>\n\n\n\n<h3 class=\"wp-block-heading\">T\u00e1panyag tartalom<\/h3>\n\n\n\n<p>A k\u00e9kalg\u00e1k ismertek magas feh\u00e9rje, vitamin \u00e9s \u00e1sv\u00e1nyi anyag tartalmukr\u00f3l. K\u00fcl\u00f6n\u00f6sen fontos B-vitamin forr\u00e1sok, k\u00fcl\u00f6n\u00f6sen a B12-vitamin forr\u00e1sa, ami gyakran hi\u00e1nyzik a n\u00f6v\u00e9nyi \u00e9telekb\u0151l. Ezenk\u00edv\u00fcl esszenci\u00e1lis zs\u00edrsavakat tartalmaznak, k\u00fcl\u00f6n\u00f6sen az Omega-3-at \u00e9s Omega-6-ot, valamint antioxid\u00e1nsokat.<\/p>\n\n\n\n<h3 class=\"wp-block-heading\">Eg\u00e9szs\u00e9g\u00fcgyi el\u0151nyei<\/h3>\n\n\n\n<p>A t\u00fcrkiz-k\u00e9k alg\u00e1k eg\u00e9szs\u00e9g\u00fcgyi el\u0151nyei k\u00f6z\u00f6tt szerepel:<\/p>\n\n\n\n<ol class=\"wp-block-list\">\n<li><strong>M\u00e9regtelen\u00edt\u00e9s<\/strong>: Seg\u00edthetnek a szervezet m\u00e9regtelen\u00edt\u00e9s\u00e9ben, k\u00fcl\u00f6n\u00f6sen a neh\u00e9zf\u00e9mekt\u0151l.<\/li>\n\n\n\n<li><strong>Immunrendszer er\u0151s\u00edt\u00e9se<\/strong>: Antioxid\u00e1ns tulajdons\u00e1gaik seg\u00edthetnek az immunrendszer er\u0151s\u00edt\u00e9s\u00e9ben \u00e9s a betegs\u00e9gek megel\u0151z\u00e9s\u00e9ben.<\/li>\n\n\n\n<li><strong>Energian\u00f6vel\u00e9s:<\/strong> Magas B12-vitamin tartalmuknak k\u00f6sz\u00f6nhet\u0151en hozz\u00e1j\u00e1rulhatnak az energiaszint n\u00f6vel\u00e9s\u00e9hez.<\/li>\n<\/ol>\n\n\n\n<h3 class=\"wp-block-heading\">Fogyaszt\u00e1sa<\/h3>\n\n\n\n<p>Sz\u00e1mos m\u00f3don fogyaszthat\u00f3k a k\u00e9kalg\u00e1k. Megv\u00e1s\u00e1rolhat\u00f3k por vagy tabletta form\u00e1j\u00e1ban, majd \u00e9trend-kieg\u00e9sz\u00edt\u0151k\u00e9nt vihet\u0151k be. N\u00e9h\u00e1nyan a port is hozz\u00e1adj\u00e1k turmixaikhoz vagy gy\u00fcm\u00f6lcsl\u00e9ikhez.<\/p>\n\n\n\n<h3 class=\"wp-block-heading\"><strong>Be<\/strong>szerz\u00e9si forr\u00e1sok<\/h3>\n\n\n\n<p>L\u00e9tfontoss\u00e1g\u00fa, hogy megb\u00edzhat\u00f3 forr\u00e1sb\u00f3l szerezz be k\u00e9kalg\u00e1kat, hogy biztos lehess benne, hogy nem szennyezettek toxinnal vagy neh\u00e9zf\u00e9mekkel. A bio-min\u0151s\u00edtett term\u00e9kek gyakran biztons\u00e1gos v\u00e1laszt\u00e1snak bizonyulnak. Sok online eg\u00e9szs\u00e9g\u00fcgyi bolt \u00e9s gy\u00f3gyszert\u00e1r k\u00edn\u00e1l magas min\u0151s\u00e9g\u0171 k\u00e9kalga term\u00e9keket.<\/p>\n\n\n\n<h2 class=\"wp-block-heading\">Fontos megjegyz\u00e9s az alga term\u00e9kekkel kapcsolatban<\/h2>\n\n\n\n<h3 class=\"wp-block-heading\">Min\u0151s\u00e9g \u00e9s biztons\u00e1g<\/h3>\n\n\n\n<p>Ha \u00fagy d\u00f6ntesz, hogy alga term\u00e9keket fogyasztasz, rendk\u00edv\u00fcl fontos, hogy csak j\u00f3 min\u0151s\u00e9g\u0171, bio-min\u0151s\u00edtett term\u00e9keket v\u00e1s\u00e1rolj, megb\u00edzhat\u00f3 forr\u00e1sokb\u00f3l. Az alg\u00e1knak k\u00e9pess\u00e9g\u00fck van neh\u00e9zf\u00e9meket \u00e9s egy\u00e9b szennyez\u0151d\u00e9seket elnyelni k\u00f6rnyezet\u00fckb\u0151l. Ez azt jelenti, hogy a szennyezett vizekben termesztett alg\u00e1k magas koncentr\u00e1ci\u00f3ban tartalmazhatnak neh\u00e9zf\u00e9meket \u00e9s egy\u00e9b k\u00e1ros anyagokat. Annak biztos\u00edt\u00e1s\u00e1ra, hogy biztons\u00e1gos \u00e9s t\u00e1panyagban gazdag term\u00e9ket kapj, mindig v\u00e1laszd azokat a term\u00e9keket, melyeket f\u00fcggetlen\u00fcl teszteltek szennyez\u0151d\u00e9sekre \u00e9s tiszta v\u00edzforr\u00e1sb\u00f3l sz\u00e1rmaznak.<\/p>\n\n\n\n<p>Fontos, hogy alga term\u00e9kek fogyaszt\u00e1sa el\u0151tt konzult\u00e1lj orvossal vagy t\u00e1pl\u00e1lkoz\u00e1si tan\u00e1csad\u00f3val, k\u00fcl\u00f6n\u00f6sen, ha gy\u00f3gyszereket szedsz vagy eg\u00e9szs\u00e9g\u00fcgyi probl\u00e9m\u00e1id vannak.<\/p>\n\n\n\n<h2 class=\"wp-block-heading\">Z\u00e1r\u00f3 gondolatok az alg\u00e1kr\u00f3l mint superfoodr\u00f3l<\/h2>\n\n\n\n<p>Az alg\u00e1k az elm\u00falt \u00e9vekben n\u00f6vekv\u0151 n\u00e9pszer\u0171s\u00e9gnek \u00f6rvendnek leny\u0171g\u00f6z\u0151 t\u00e1panyag tartalmuk \u00e9s eg\u00e9szs\u00e9g\u00fcgyi el\u0151nyeik miatt. Mint a F\u00f6ld egyik leg\u0151sibb \u00e9lelmiszerei, gazdag forr\u00e1st k\u00edn\u00e1lnak vitaminokban, \u00e1sv\u00e1nyi anyagokban \u00e9s m\u00e1s fontos t\u00e1panyagokban. K\u00e9pess\u00e9g\u00fck az esszenci\u00e1lis aminosavak \u00e9s az Omega-3 zs\u00edrsavak biztos\u00edt\u00e1s\u00e1ra \u00e9rt\u00e9kes r\u00e9sz\u00e9t k\u00e9pezik a kiegyens\u00falyozott \u00e9trendnek.<\/p>\n\n\n\n<p>Ugyanakkor fontos megjegyezni, hogy mint minden superfoodn\u00e1l, az alg\u00e1k sem csodaszerek. Egy kiegyens\u00falyozott \u00e9trend \u00e9s egy eg\u00e9szs\u00e9ges \u00e9letm\u00f3d r\u00e9szek\u00e9nt kell r\u00e1juk tekinteni. A magas min\u0151s\u00e9g\u0171 \u00e9s megb\u00edzhat\u00f3 forr\u00e1sb\u00f3l sz\u00e1rmaz\u00f3 alga term\u00e9kek kiv\u00e1laszt\u00e1sa is kulcsfontoss\u00e1g\u00fa annak biztos\u00edt\u00e1s\u00e1hoz, hogy a legjobb el\u0151nyeit \u00e9lvezz\u00fck \u00e9s elker\u00fclj\u00fck a potenci\u00e1lis kock\u00e1zatokat.<\/p>\n\n\n\n<p>\u00d6sszefoglalva elmondhat\u00f3, hogy ha helyesen v\u00e1lasztjuk ki \u00e9s fogyasztjuk, az alg\u00e1k \u00e9rt\u00e9kes kieg\u00e9sz\u00edt\u00e9st jelenthetnek \u00e9trend\u00fcnkben \u00e9s seg\u00edthetnek eg\u00e9szs\u00e9g\u00fcnk \u00e9s j\u00f3l\u00e9t\u00fcnk el\u0151mozd\u00edt\u00e1s\u00e1ban.<\/p>\n","protected":false},"excerpt":{"rendered":"<p>Milli\u00f3 \u00e9vek \u00f3ta az alg\u00e1k az \u00f3ce\u00e1ni t\u00e1pl\u00e1l\u00e9kl\u00e1nc alapk\u00f6vei. Rendk\u00edv\u00fcli t\u00e1panyagtartalmuknak k\u00f6sz\u00f6nhet\u0151en ma m\u00e1r mint csodaeledelek t\u00fcnd\u00f6k\u00f6lnek konyh\u00e1inkban.<\/p>\n","protected":false},"author":2,"featured_media":8302,"comment_status":"open","ping_status":"closed","sticky":false,"template":"","format":"standard","meta":{"_seopress_robots_primary_cat":"none","_seopress_titles_title":"Alg\u00e1k: A tengerb\u0151l sz\u00e1rmaz\u00f3 z\u00f6ld superfoodok","_seopress_titles_desc":"Tudd meg, mi\u00e9rt a tengeri moszat a j\u00f6v\u0151 \u00e9trendje, \u00e9s hogyan fogyaszthat\u00f3ak.","_seopress_robots_index":"","footnotes":""},"categories":[114,117,116,1],"tags":[],"class_list":["post-3902","post","type-post","status-publish","format-standard","has-post-thumbnail","hentry","category-ernaehrungsberatung-blog-hu","category-integralernaehrung-gesundheit-hu","category-rohkost-hu","category-unkategorisiert"],"meta_box":[],"_links":{"self":[{"href":"https:\/\/monikagungl.com\/hu\/wp-json\/wp\/v2\/posts\/3902","targetHints":{"allow":["GET"]}}],"collection":[{"href":"https:\/\/monikagungl.com\/hu\/wp-json\/wp\/v2\/posts"}],"about":[{"href":"https:\/\/monikagungl.com\/hu\/wp-json\/wp\/v2\/types\/post"}],"author":[{"embeddable":true,"href":"https:\/\/monikagungl.com\/hu\/wp-json\/wp\/v2\/users\/2"}],"replies":[{"embeddable":true,"href":"https:\/\/monikagungl.com\/hu\/wp-json\/wp\/v2\/comments?post=3902"}],"version-history":[{"count":6,"href":"https:\/\/monikagungl.com\/hu\/wp-json\/wp\/v2\/posts\/3902\/revisions"}],"predecessor-version":[{"id":4664,"href":"https:\/\/monikagungl.com\/hu\/wp-json\/wp\/v2\/posts\/3902\/revisions\/4664"}],"wp:featuredmedia":[{"embeddable":true,"href":"https:\/\/monikagungl.com\/hu\/wp-json\/wp\/v2\/media\/8302"}],"wp:attachment":[{"href":"https:\/\/monikagungl.com\/hu\/wp-json\/wp\/v2\/media?parent=3902"}],"wp:term":[{"taxonomy":"category","embeddable":true,"href":"https:\/\/monikagungl.com\/hu\/wp-json\/wp\/v2\/categories?post=3902"},{"taxonomy":"post_tag","embeddable":true,"href":"https:\/\/monikagungl.com\/hu\/wp-json\/wp\/v2\/tags?post=3902"}],"curies":[{"name":"wp","href":"https:\/\/api.w.org\/{rel}","templated":true}]}}