{"id":6409,"date":"2024-06-05T21:27:00","date_gmt":"2024-06-05T19:27:00","guid":{"rendered":"https:\/\/monikagungl.com\/weg-aus-der-trauma-selbstsabotage\/"},"modified":"2024-03-05T19:05:56","modified_gmt":"2024-03-05T18:05:56","slug":"kiut-a-trauma-okozta-onszabotazsbol","status":"publish","type":"post","link":"https:\/\/monikagungl.com\/hu\/kiut-a-trauma-okozta-onszabotazsbol\/","title":{"rendered":"Ki\u00fat a trauma okozta \u00f6nszabot\u00e1zsb\u00f3l"},"content":{"rendered":"<div class=\"wp-block-image\">\n<figure class=\"aligncenter size-full\"><img loading=\"lazy\" decoding=\"async\" width=\"40\" height=\"40\" src=\"https:\/\/monikagungl.com\/wp-content\/uploads\/Nevtelen-terv-27.webp\" alt=\"integral-coaching-monika-gungl-logo\" class=\"wp-image-6368\"\/><\/figure>\n<\/div>\n\n\n<h2 class=\"wp-block-heading\">A trauma okozta \u00f6nszabot\u00e1l\u00e1s meg\u00e9rt\u00e9se\ud83e\udde9<\/h2>\n\n\n\n<p>Az \u00f6nszabot\u00e1zs, mint trauma k\u00f6vetkezm\u00e9nye egy bonyolult \u00e9s gyakran al\u00e1becs\u00fclt jelens\u00e9g. Ebben a bejegyz\u00e9sben seg\u00edteni szeretn\u00e9k meg\u00e9rteni, mit jelent val\u00f3j\u00e1ban az \u00f6nszabot\u00e1zs, hogyan nyilv\u00e1nulhat meg az \u00e9letedben, \u00e9s mindenekel\u0151tt, hogyan tudod lek\u00fczdeni. C\u00e9lom, hogy m\u00e9ly meg\u00e9rt\u00e9st ny\u00fajtsak e viselked\u00e9sform\u00e1r\u00f3l, \u00e9s praktikus eszk\u00f6z\u00f6ket adjak a kezedbe ezeknek a kih\u00edv\u00e1soknak a kezel\u00e9s\u00e9re.\ud83c\udf37<\/p>\n\n\n\n<p>A t\u00e9ma m\u00e9lyebb meg\u00e9rt\u00e9s\u00e9hez aj\u00e1nlom sz\u00e9lesebb k\u00f6r\u0171 blogbejegyz\u00e9semet az \u00f6nszabot\u00e1zsr\u00f3l, amely alapvet\u0151 inform\u00e1ci\u00f3kat \u00e9s betekint\u00e9seket ny\u00fajt.<\/p>\n\n\n\n<figure class=\"wp-block-image size-full\"><img loading=\"lazy\" decoding=\"async\" width=\"1000\" height=\"577\" src=\"https:\/\/monikagungl.com\/wp-content\/uploads\/sonnenlicht-schwarzwald.webp\" alt=\"sonnenlicht-im-wald-selbstsabotage-als-traumafolge\" class=\"wp-image-6362\" srcset=\"https:\/\/monikagungl.com\/wp-content\/uploads\/sonnenlicht-schwarzwald.webp 1000w, https:\/\/monikagungl.com\/wp-content\/uploads\/sonnenlicht-schwarzwald-960x554.webp 960w, https:\/\/monikagungl.com\/wp-content\/uploads\/sonnenlicht-schwarzwald-768x443.webp 768w, https:\/\/monikagungl.com\/wp-content\/uploads\/sonnenlicht-schwarzwald-600x346.webp 600w\" sizes=\"auto, (max-width: 1000px) 100vw, 1000px\" \/><\/figure>\n\n\n\n<h2 class=\"wp-block-heading\">H\u00e1rom esettanulm\u00e1ny: A trauma  okozta \u00f6nszabot\u00e1zs k\u00f6vetkezm\u00e9nye \ud83d\udc94<\/h2>\n\n\n\n<ol class=\"wp-block-list\">\n<li><strong>Esettanulm\u00e1ny 1:<\/strong> Gondoljunk Ann\u00e1ra, aki gyermekkor\u00e1ban \u00e9rzelmi elhanyagol\u00e1st tapasztalt. Feln\u0151ttk\u00e9nt nehez\u00e9re esik \u00e9rzelmi k\u00f6t\u0151d\u00e9seket kialak\u00edtani, ami ism\u00e9tl\u0151d\u0151 probl\u00e9m\u00e1kat okoz a kapcsolataiban.<\/li>\n\n\n\n<li><strong>Esettanulm\u00e1ny 2:<\/strong> Max eset\u00e9ben, aki az iskol\u00e1ban zaklat\u00e1s \u00e1ldozata volt. Munkahely\u00e9n \u00f6nbizalomhi\u00e1nyban szenved, \u00e9s habozik jelentkezni el\u0151l\u00e9ptet\u00e9sre, noha k\u00e9pes lenne r\u00e1.<\/li>\n\n\n\n<li><strong>Esettanulm\u00e1ny 3:<\/strong> Vagy Laura, aki fiatalkor\u00e1ban csal\u00e1di er\u0151szak tan\u00faja volt, \u00e9s most stresszhelyzetekben impulz\u00edv reakci\u00f3kat mutat.<\/li>\n<\/ol>\n\n\n\n<h2 class=\"wp-block-heading\">20 ok, ami a trauma \u00e1ltal okozott \u00f6nszabot\u00e1zshoz vezethet: Bel\u00e1t\u00e1s az okok m\u00f6g\u00e9 \ud83d\udddd\ufe0f<\/h2>\n\n\n\n<ol class=\"wp-block-list\">\n<li><strong>El\u00e9gtelens\u00e9g \u00e9rz\u00e9se: <\/strong>Gyakran gyermekkori \u00e1lland\u00f3 kritika eredm\u00e9nye.<\/li>\n\n\n\n<li><strong>Sikert\u0151l val\u00f3 f\u00e9lelem: <\/strong>Tudatalatti f\u00e9lelem, amelyet gyakran \u00faj felel\u0151ss\u00e9gek \u00e9s elv\u00e1r\u00e1sok \u00e1ltal v\u00e1ltanak ki.<\/li>\n\n\n\n<li><strong>Konfliktus elker\u00fcl\u00e9se:<\/strong> Strat\u00e9gia a neh\u00e9z helyzetek elker\u00fcl\u00e9s\u00e9re, amelyek f\u00e1jdalmas eml\u00e9keket id\u00e9zhetnek fel.<\/li>\n\n\n\n<li><strong>\u00c9rt\u00e9ktelens\u00e9g \u00e9rz\u00e9se:<\/strong> Gyakran b\u00e1ntalmaz\u00e1s vagy elhanyagol\u00e1s k\u00f6vetkezm\u00e9nye.<\/li>\n\n\n\n<li><strong>Perfekcionizmus:<\/strong> Gyermekkori t\u00falzott elv\u00e1r\u00e1sokra adott v\u00e1lasz.<\/li>\n\n\n\n<li><strong>T\u00falzott \u00f6nkritika: <\/strong>\u00c1lland\u00f3 le\u00e9rt\u00e9kel\u00e9s eredm\u00e9nye sz\u00fcl\u0151k vagy tan\u00e1rok r\u00e9sz\u00e9r\u0151l.<\/li>\n\n\n\n<li><strong>Kr\u00f3nikus bizonytalans\u00e1g: <\/strong>Instabil vagy bizonytalan gyermekkori k\u00f6r\u00fclm\u00e9nyekb\u0151l eredhet.<\/li>\n\n\n\n<li><strong>\u00d6nelk\u00fcl\u00f6n\u00edt\u00e9s:<\/strong> V\u00e9dekez\u00e9si mechanizmus a lehets\u00e9ges \u00e9rzelmi f\u00e1jdalomt\u00f3l val\u00f3 v\u00e9dekez\u00e9sre.<\/li>\n\n\n\n<li><strong>\u00d6nrombol\u00f3 viselked\u00e9sek:<\/strong> \u00d6nb\u00fcntet\u00e9si forma a felt\u00e9telezett kudarcok\u00e9rt.<\/li>\n\n\n\n<li><strong>C\u00e9lok megfogalmaz\u00e1s\u00e1nak neh\u00e9zs\u00e9ge:<\/strong> Kor\u00e1bbi kudarc\u00e9lm\u00e9nyek \u00e9s pozit\u00edv p\u00e9ldak\u00e9pek hi\u00e1nya miatt.<\/li>\n\n\n\n<li><strong>Elutas\u00edt\u00e1st\u00f3l val\u00f3 f\u00e9lelem: <\/strong>T\u00e1rsadalmi visszautas\u00edt\u00e1sok tapasztalatai alapj\u00e1n.<\/li>\n\n\n\n<li><strong>K\u00f6tel\u00e9k elker\u00fcl\u00e9se:<\/strong> V\u00e9dekez\u00e9si mechanizmus, hogy ne legy\u00fcnk megs\u00e9rtve.<\/li>\n\n\n\n<li><strong>Dics\u00e9ret vagy siker elfogad\u00e1s\u00e1nak k\u00e9ptelens\u00e9ge:<\/strong> Negat\u00edv \u00f6nk\u00e9p miatt.<\/li>\n\n\n\n<li><strong>K\u00fcls\u0151 meger\u0151s\u00edt\u00e9s \u00e1lland\u00f3 keres\u00e9se:<\/strong> Bels\u0151 bizonytalans\u00e1gok kompenz\u00e1l\u00e1s\u00e1ra.<\/li>\n\n\n\n<li><strong>Diszfunkcion\u00e1lis kapcsolatok:<\/strong> Gyakran a gyermekkori pozit\u00edv p\u00e9ldak\u00e9pek hi\u00e1ny\u00e1nak k\u00f6vetkezm\u00e9nye.<\/li>\n\n\n\n<li><strong>Felel\u0151ss\u00e9g elker\u00fcl\u00e9se:<\/strong> Potenci\u00e1lis kudarcok el\u0151l val\u00f3 menek\u00fcl\u00e9sre.<\/li>\n\n\n\n<li><strong>Halogat\u00e1s:<\/strong> M\u00f3dja annak, hogy ne kelljen szemben\u00e9zni a kih\u00edv\u00e1sokkal.<\/li>\n\n\n\n<li><strong>K\u00e1ros mint\u00e1k ism\u00e9tl\u00e9se: <\/strong>A gyermekkorban tapasztalt viselked\u00e9smint\u00e1k tudattalan ut\u00e1nz\u00e1sa.<\/li>\n\n\n\n<li><strong>Bizalom ki\u00e9p\u00edt\u00e9s\u00e9nek neh\u00e9zs\u00e9gei: <\/strong>A m\u00faltbeli csal\u00f3d\u00e1sok k\u00f6vetkezm\u00e9nye.<\/li>\n\n\n\n<li><strong>Tehetetlens\u00e9g \u00e9rz\u00e9se: <\/strong>Folyamatos negat\u00edv tapasztalatok \u00e1ltal er\u0151s\u00edtett \u00e1llapot.<\/li>\n<\/ol>\n\n\n\n<h2 class=\"wp-block-heading\">Az \u00f6nszabot\u00e1zsra jellemz\u0151 viselked\u00e9smint\u00e1k mint trauma k\u00f6vetkezm\u00e9nye: Felismer\u00e9s \u00e9s meg\u00e9rt\u00e9s \ud83e\udded<\/h2>\n\n\n\n<ol class=\"wp-block-list\">\n<li><strong>Halogat\u00e1s: <\/strong>Fontos feladatok elhalaszt\u00e1sa a siker vagy annak k\u00f6vetkezm\u00e9nyei ir\u00e1nti f\u00e9lelem jelek\u00e9nt.<\/li>\n\n\n\n<li><strong>\u00d6nkritika: <\/strong>Egy bels\u0151 hang, amely folyamatosan leh\u00faz \u00e9s al\u00e1\u00e1ssa az \u00f6nbizalmadat.<\/li>\n\n\n\n<li><strong>Kih\u00edv\u00e1sok elker\u00fcl\u00e9se:<\/strong> \u00daj tapasztalatok ker\u00fcl\u00e9se, mert f\u00e9lelmet kelt a kudarc vagy elutas\u00edt\u00e1s.<\/li>\n\n\n\n<li><strong>\u00d6nelk\u00fcl\u00f6n\u00edt\u00e9s: <\/strong>M\u00e1sokt\u00f3l val\u00f3 visszavonul\u00e1s a lehets\u00e9ges \u00e9rzelmi f\u00e1jdalomt\u00f3l val\u00f3 v\u00e9dekez\u00e9s c\u00e9lj\u00e1b\u00f3l.<\/li>\n\n\n\n<li><strong>Impulz\u00edv reakci\u00f3k:<\/strong> Gyors, gyakran meggondolatlan cselekedetek stresszhelyzetekben, amelyek probl\u00e9m\u00e1kat okozhatnak a kapcsolatokban.<\/li>\n\n\n\n<li><strong>C\u00e9lok megfogalmaz\u00e1s\u00e1nak neh\u00e9zs\u00e9gei: <\/strong>Bizonytalans\u00e1g \u00e9s haboz\u00e1s szem\u00e9lyes vagy szakmai c\u00e9lok meghat\u00e1roz\u00e1s\u00e1ban \u00e9s k\u00f6vet\u00e9s\u00e9ben.<\/li>\n\n\n\n<li><strong>Ingadoz\u00f3 \u00f6nk\u00e9p: <\/strong>V\u00e1ltoz\u00f3 \u00e9rz\u00e9s saj\u00e1t \u00e9rt\u00e9k\u00fcnkkel kapcsolatban, amelyet er\u0151teljesen befoly\u00e1solnak a k\u00fcls\u0151 k\u00f6r\u00fclm\u00e9nyek \u00e9s v\u00e9lem\u00e9nyek.<\/li>\n<\/ol>\n\n\n\n<h2 class=\"wp-block-heading\">Gyakorlati l\u00e9p\u00e9sek a trauma okozta \u00f6nszabot\u00e1zs lek\u00fczd\u00e9s\u00e9hez: \u00datmutat\u00f3 a v\u00e1ltoz\u00e1s fel\u00e9 \ud83c\udf1f<\/h2>\n\n\n\n<ol class=\"wp-block-list\">\n<li><strong>Tudatoss\u00e1g \u00e9s elfogad\u00e1s: <\/strong>A v\u00e1ltoz\u00e1s els\u0151 l\u00e9p\u00e9se az \u00f6nszabot\u00e1zs felismer\u00e9se \u00e9s elfogad\u00e1sa.<\/li>\n\n\n\n<li><strong>Szakmai seg\u00edts\u00e9g:<\/strong> Ter\u00e1pia vagy coaching seg\u00edthet meg\u00e9rteni \u00e9s feldolgozni a traum\u00e1d gy\u00f6kereit.<\/li>\n\n\n\n<li><strong>Tudatoss\u00e1g \u00e9s \u00f6nsajn\u00e1lat:<\/strong> Gyakorold a tudatoss\u00e1got, hogy tiszt\u00e1ban legy\u00e9l gondolataiddal \u00e9s \u00e9rz\u00e9seiddel, valamint fejleszd az \u00f6nszeretetet, hogy meg\u00e9rt\u0151bb \u00e9s elfogad\u00f3bb l\u00e9gy \u00f6nmagaddal.<\/li>\n\n\n\n<li><strong>C\u00e9lkit\u0171z\u00e9s \u00e9s kis l\u00e9p\u00e9sek:<\/strong> \u00c1ll\u00edts be re\u00e1lis c\u00e9lokat, \u00e9s \u00e9rd el \u0151ket kis, megval\u00f3s\u00edthat\u00f3 l\u00e9p\u00e9sekkel.<\/li>\n\n\n\n<li><strong>Pozit\u00edv \u00f6ndialog:<\/strong> Cser\u00e9ld le a negat\u00edv gondolatokat pozit\u00edv meger\u0151s\u00edt\u00e9sekre \u00e9s \u00f6ndialogra.<\/li>\n\n\n\n<li><strong>T\u00e1mogat\u00f3 h\u00e1l\u00f3zat ki\u00e9p\u00edt\u00e9se:<\/strong> Keresd a t\u00e1mogat\u00e1st bar\u00e1tokn\u00e1l, csal\u00e1dn\u00e1l vagy \u00f6nseg\u00edt\u0151 csoportokban.<\/li>\n\n\n\n<li><strong>Rendszeres reflexi\u00f3: <\/strong>Vezess napl\u00f3t vagy rendszeresen reflekt\u00e1lj, hogy vedd \u00e9szre \u00e9s \u00fcnnepeld a fejl\u0151d\u00e9st.<\/li>\n<\/ol>\n\n\n\n<h2 class=\"wp-block-heading\">\u00d6sszegz\u00e9s \u00e9s a k\u00f6vetkez\u0151 l\u00e9p\u00e9s az utadon<\/h2>\n\n\n<div class=\"wp-block-image\">\n<figure class=\"aligncenter size-full\"><img loading=\"lazy\" decoding=\"async\" width=\"40\" height=\"40\" src=\"https:\/\/monikagungl.com\/wp-content\/uploads\/Nevtelen-terv-27.webp\" alt=\"integral-coaching-monika-gungl-logo\" class=\"wp-image-6368\"\/><\/figure>\n<\/div>\n\n\n<p>A trauma k\u00f6vetkezm\u00e9nyek\u00e9nt jelentkez\u0151 \u00f6nszabot\u00e1zs meg\u00e9rt\u00e9s\u00e9nek \u00e9s \u00f6nmagunkkal val\u00f3 szembe n\u00e9z\u00e9s\u00e9nek ezen \u00fatj\u00e1nak v\u00e9g\u00e9n szeretn\u00e9m kihangs\u00falyozni, hogy a v\u00e1ltoz\u00e1s val\u00f3ban lehets\u00e9ges. A gy\u00f3gyul\u00e1s \u00e9s az \u00f6nmegval\u00f3s\u00edt\u00e1s fel\u00e9 vezet\u0151 \u00fat t\u00fcrelmet, elk\u00f6telezetts\u00e9get ig\u00e9nyel, \u00e9s n\u00e9ha a szakmai seg\u00edts\u00e9g keres\u00e9s\u00e9re val\u00f3 hajland\u00f3s\u00e1got. Minden l\u00e9p\u00e9s, ak\u00e1rmilyen kicsi is, el\u0151rel\u00e9p\u00e9s a eg\u00e9szs\u00e9gesebb \u00e9s teljesebb \u00e9let fel\u00e9. Az \u00f6nszabot\u00e1zs lek\u00fczd\u00e9s\u00e9nek \u00fatja m\u00e9lyrehat\u00f3 \u00f6nismerethez vezethet, \u00e9s megnyithatja az ajt\u00f3kat egy hitelesebb \u00e9s \u00f6n\u00e1ll\u00f3bb \u00e9lethez. B\u00edzz a v\u00e1ltoz\u00e1s k\u00e9pess\u00e9g\u00e9ben, \u00e9s l\u00e9gy nyitott a benned v\u00e9gbemen\u0151 \u00e1talakul\u00e1sra.<\/p>\n\n\n\n<figure class=\"wp-block-image size-full\"><img loading=\"lazy\" decoding=\"async\" width=\"1000\" height=\"1333\" src=\"https:\/\/monikagungl.com\/wp-content\/uploads\/starke-baum-wurzel.webp\" alt=\"starke-baum-wurzel-dein-kraft-finden-in-selbstsabotage-als-traumafolge\" class=\"wp-image-6360\" srcset=\"https:\/\/monikagungl.com\/wp-content\/uploads\/starke-baum-wurzel.webp 1000w, https:\/\/monikagungl.com\/wp-content\/uploads\/starke-baum-wurzel-720x960.webp 720w, https:\/\/monikagungl.com\/wp-content\/uploads\/starke-baum-wurzel-768x1024.webp 768w, https:\/\/monikagungl.com\/wp-content\/uploads\/starke-baum-wurzel-600x800.webp 600w\" sizes=\"auto, (max-width: 1000px) 100vw, 1000px\" \/><\/figure>\n\n\n\n<h2 class=\"wp-block-heading\">Egy\u00e9ni \u00fat az Integr\u00e1l Coachinggal \ud83c\udf1f<\/h2>\n\n\n\n<p>Mint tapasztalt Integr\u00e1l Coach, k\u00fcl\u00f6nleges, az egy\u00e9ni ig\u00e9nyeidre szabott 12 alkalmas coaching programot k\u00edn\u00e1lok, amely az \u00e9let minden ter\u00fclet\u00e9re kiterjed. Ez a program nem csak az \u00f6nszabot\u00e1zs lek\u00fczd\u00e9s\u00e9re \u00f6sszpontos\u00edt, hanem a szem\u00e9lyes \u00e9s szakmai n\u00f6veked\u00e9sed el\u0151seg\u00edt\u00e9s\u00e9re is. Egy ingyenes els\u0151 konzult\u00e1ci\u00f3 sor\u00e1n megbesz\u00e9lhetj\u00fck a specifikus c\u00e9ljaidat \u00e9s kih\u00edv\u00e1saidat, \u00e9s kidolgozhatunk egy r\u00e1d szabott fejleszt\u00e9si tervet.<\/p>\n\n\n\n<p>Ha k\u00fcl\u00f6n\u00f6sen \u00e9rdekel az \u00f6nszabot\u00e1zs dinamik\u00e1ja a kapcsolatokban, tov\u00e1bbi \u00e9rt\u00e9kes betekint\u00e9st ny\u00fajthatnak az \u00f6nszabot\u00e1zs a kapcsolatokban  \u00e9s az \u00f6nszabot\u00e1zs  borderline-n\u00e1l sz\u00f3l\u00f3 bejegyz\u00e9seim.<\/p>\n\n\n\n<p>Tov\u00e1bbi inform\u00e1ci\u00f3k\u00e9rt \u00e9s az ingyenes els\u0151 konzult\u00e1ci\u00f3ra val\u00f3 id\u0151pontfoglal\u00e1shoz k\u00e9rlek, kattints ide. Itt k\u00f6zvetlen\u00fcl foglalhatsz id\u0151pontot, \u00e9s egy\u00fctt tehetj\u00fck meg az els\u0151 l\u00e9p\u00e9st a szem\u00e9lyes fejl\u0151d\u00e9sed \u00fatj\u00e1n.<\/p>\n\n\n\n<p>\u00d6r\u00fcl\u00f6k,hogy k\u00eds\u00e9rhetlek \u00e9s t\u00e1mogathatlak az egy\u00e9ni utadon, \u00e9s egy\u00fctt dolgozhatunk sikereden \u00e9s fejl\u0151d\u00e9seden \u00e9leted minden ter\u00fclet\u00e9n.<\/p>\n","protected":false},"excerpt":{"rendered":"<p>\u00d6nszabot\u00e1zs lek\u00fczd\u00e9se: Tudatoss\u00e1g, elfogad\u00e1s \u00e9s kis l\u00e9p\u00e9sekkel a v\u00e1ltoz\u00e1s fel\u00e9.<\/p>\n","protected":false},"author":2,"featured_media":6359,"comment_status":"open","ping_status":"closed","sticky":false,"template":"","format":"standard","meta":{"_seopress_robots_primary_cat":"none","_seopress_titles_title":"Ki\u00fat a trauma okozta \u00f6nszabot\u00e1zsb\u00f3l","_seopress_titles_desc":"Ismerd meg, hogyan k\u00fczdheted le a traum\u00e1b\u00f3l ered\u0151 \u00f6nszabot\u00e1zst: hasznos tan\u00e1csok, szem\u00e9lyes fejl\u0151d\u00e9s \u00e9s t\u00e1mogat\u00f3 k\u00f6z\u00f6ss\u00e9g.","_seopress_robots_index":"","footnotes":""},"categories":[119,120,1],"tags":[],"class_list":["post-6409","post","type-post","status-publish","format-standard","has-post-thumbnail","hentry","category-business-coaching-blog-hu","category-life-coaching-ratgeber-hu","category-unkategorisiert"],"meta_box":[],"_links":{"self":[{"href":"https:\/\/monikagungl.com\/hu\/wp-json\/wp\/v2\/posts\/6409","targetHints":{"allow":["GET"]}}],"collection":[{"href":"https:\/\/monikagungl.com\/hu\/wp-json\/wp\/v2\/posts"}],"about":[{"href":"https:\/\/monikagungl.com\/hu\/wp-json\/wp\/v2\/types\/post"}],"author":[{"embeddable":true,"href":"https:\/\/monikagungl.com\/hu\/wp-json\/wp\/v2\/users\/2"}],"replies":[{"embeddable":true,"href":"https:\/\/monikagungl.com\/hu\/wp-json\/wp\/v2\/comments?post=6409"}],"version-history":[{"count":1,"href":"https:\/\/monikagungl.com\/hu\/wp-json\/wp\/v2\/posts\/6409\/revisions"}],"predecessor-version":[{"id":6465,"href":"https:\/\/monikagungl.com\/hu\/wp-json\/wp\/v2\/posts\/6409\/revisions\/6465"}],"wp:featuredmedia":[{"embeddable":true,"href":"https:\/\/monikagungl.com\/hu\/wp-json\/wp\/v2\/media\/6359"}],"wp:attachment":[{"href":"https:\/\/monikagungl.com\/hu\/wp-json\/wp\/v2\/media?parent=6409"}],"wp:term":[{"taxonomy":"category","embeddable":true,"href":"https:\/\/monikagungl.com\/hu\/wp-json\/wp\/v2\/categories?post=6409"},{"taxonomy":"post_tag","embeddable":true,"href":"https:\/\/monikagungl.com\/hu\/wp-json\/wp\/v2\/tags?post=6409"}],"curies":[{"name":"wp","href":"https:\/\/api.w.org\/{rel}","templated":true}]}}