{"id":6473,"date":"2024-06-05T23:04:00","date_gmt":"2024-06-05T21:04:00","guid":{"rendered":"https:\/\/monikagungl.com\/selbstsabotage-in-beziehungen\/"},"modified":"2024-03-05T19:06:21","modified_gmt":"2024-03-05T18:06:21","slug":"onszabotazs-a-kapcsolatokban","status":"publish","type":"post","link":"https:\/\/monikagungl.com\/hu\/onszabotazs-a-kapcsolatokban\/","title":{"rendered":"\u00d6nszabot\u00e1zs a Kapcsolatokban: Mikor Mi Magunk Vagyunk a G\u00e1t \ud83e\uddd0"},"content":{"rendered":"\n<p>Ebben a bejegyz\u00e9sben r\u00e9szletesen foglalkozom a kapcsolatokban jelentkez\u0151 \u00f6nszabot\u00e1zs jelens\u00e9g\u00e9vel, megvil\u00e1g\u00edtom az okokat \u00e9s mechanizmusokat, \u00e9s konkr\u00e9t strat\u00e9gi\u00e1kat k\u00edn\u00e1lok az \u00e9rintettek sz\u00e1m\u00e1ra, hogy felismerj\u00e9k \u00e9s legy\u0151zz\u00e9k ezeket a destrukt\u00edv mint\u00e1kat.<\/p>\n\n\n\n<h2 class=\"wp-block-heading\"><strong>\u00d6nszabot\u00e1zs a kapcsolatban: Mi\u00e9rt \u00e1llunk saj\u00e1t magunk \u00fatj\u00e1ba? <\/strong>\ud83d\udea7<\/h2>\n\n\n\n<p>Az \u00f6nszabot\u00e1zs a kapcsolatokban olyan viselked\u00e9sform\u00e1kon kereszt\u00fcl nyilv\u00e1nul meg, amelyek megakad\u00e1lyozz\u00e1k, hogy m\u00e9ly \u00e9s kiel\u00e9g\u00edt\u0151 partners\u00e9geket alak\u00edtsunk ki. Ezek a mint\u00e1k gyakran nehezen felismerhet\u0151ek, mivel m\u00e9lyen a tudatalattinkban gy\u00f6kereznek. Az \u00f6nszabot\u00e1zs leggyakoribb form\u00e1i k\u00f6z\u00e9 tartozik:<\/p>\n\n\n\n<ul class=\"wp-block-list\">\n<li><strong>T\u00falzott kritika: <\/strong>\u00c1lland\u00f3 kritika a partnerrel szemben saj\u00e1t el\u00e9gedetlens\u00e9g jele lehet \u00e9s terhet r\u00f3 a kapcsolatra.<\/li>\n\n\n\n<li><strong>Intimit\u00e1st\u00f3l val\u00f3 elz\u00e1rk\u00f3z\u00e1s:<\/strong> A k\u00f6zels\u00e9gt\u0151l val\u00f3 f\u00e9lelem miatt \u00e9rzelmileg visszah\u00faz\u00f3dunk, m\u00e9g akkor is, ha v\u00e1gyunk r\u00e1.<\/li>\n\n\n\n<li><strong>F\u00e9lt\u00e9kenys\u00e9g \u00e9s kontroll\u00e1l\u00f3 viselked\u00e9s: <\/strong>Ezek a viselked\u00e9sform\u00e1k bizonytalans\u00e1gb\u00f3l \u00e9s alacsony \u00f6n\u00e9rt\u00e9kel\u00e9sb\u0151l fakadhatnak.<\/li>\n\n\n\n<li><strong>Negat\u00edv kapcsolati mint\u00e1k ism\u00e9tl\u00e9se:<\/strong> Tudattalanul ism\u00e9telj\u00fck meg a kor\u00e1bbi kapcsolatokb\u00f3l vagy gyermekkorunkb\u00f3l sz\u00e1rmaz\u00f3 mint\u00e1kat.<\/li>\n\n\n\n<li><strong>\u00d6n\u00e9rt\u00e9kel\u00e9si probl\u00e9m\u00e1k:<\/strong> Alacsony \u00f6n\u00e9rt\u00e9kel\u00e9s miatt saj\u00e1t magunkat al\u00e1\u00e1shatjuk a kapcsolatban, figyelmen k\u00edv\u00fcl hagyva a saj\u00e1t sz\u00fcks\u00e9gleteinket.<\/li>\n<\/ul>\n\n\n\n<h2 class=\"wp-block-heading\">Hogyan Szabot\u00e1ljuk Saj\u00e1t Kapcsolatunkat Akaratlanul? \ud83d\udd75\ufe0f\u200d\u2642\ufe0f<\/h2>\n\n\n\n<p>Az \u00f6nszabot\u00e1zs okai v\u00e1ltozatosak \u00e9s gyakran m\u00e9lyen gy\u00f6kereznek. A f\u0151 okok k\u00f6z\u00e9 tartoznak:<\/p>\n\n\n\n<ul class=\"wp-block-list\">\n<li><strong>Kor\u00e1bbi traum\u00e1k \u00e9s tapasztalatok:<\/strong> A m\u00faltbeli negat\u00edv \u00e9lm\u00e9nyek, mint a bizalom megszakad\u00e1sa vagy \u00e9rzelmi s\u00e9r\u00fcl\u00e9sek, f\u00e9lelmekhez vezethetnek, amelyek \u00f6nszabot\u00e1l\u00f3 viselked\u00e9sform\u00e1kban nyilv\u00e1nulnak meg.<\/li>\n\n\n\n<li><strong>K\u00f6t\u0151d\u00e9ssel kapcsolatos f\u00e9lelmek: <\/strong>A f\u00e9lelem, hogy valakivel k\u00f6t\u0151dj\u00fcnk \u00e9s sebezhet\u0151ek legy\u00fcnk, t\u00e1vols\u00e1gtart\u00e1shoz \u00e9s intimit\u00e1st\u00f3l val\u00f3 elz\u00e1rk\u00f3z\u00e1shoz vezethet.<\/li>\n\n\n\n<li><strong>Negat\u00edv hitrendszerek \u00e9s \u00f6nk\u00e9p: <\/strong>M\u00e9lyen gy\u00f6kerez\u0151 meggy\u0151z\u0151d\u00e9sek, mint hogy \u201eNem \u00e9rdemlem meg, hogy szeressenek\u201d vagy \u201eMinden kapcsolatom kudarcra van \u00edt\u00e9lve\u201d, \u00f6npuszt\u00edt\u00f3 viselked\u00e9seket er\u0151s\u00edthetnek.<\/li>\n\n\n\n<li><strong>Hi\u00e1nyz\u00f3 \u00f6nismeret \u00e9s \u00f6nvizsg\u00e1lat: <\/strong>An\u00e9lk\u00fcl, hogy m\u00e9lyen meg\u00e9rten\u00e9nk a saj\u00e1t sz\u00fcks\u00e9gleteinket \u00e9s \u00e9rzelmeinket, tudattalanul \u00f6nszabot\u00e1l\u00f3 mint\u00e1kba eshet\u00fcnk.<\/li>\n<\/ul>\n\n\n\n<h2 class=\"wp-block-heading\"><strong>10 klasszikus jel, hogyan szabot\u00e1ljuk a partners\u00e9g\u00fcnket<\/strong>\ud83d\udd0d<\/h2>\n\n\n\n<p>Az \u00f6nszabot\u00e1zs felismer\u00e9s\u00e9hez fontos, hogy figyelj\u00fcnk bizonyos viselked\u00e9sform\u00e1kra. \u00cdme t\u00edz klasszikus jel:<\/p>\n\n\n\n<ol class=\"wp-block-list\">\n<li><strong>\u00c1lland\u00f3 bizalmatlans\u00e1g:<\/strong> K\u00e9ts\u00e9gek a partner h\u0171s\u00e9ge vagy \u0151szintes\u00e9ge fel\u0151l konkr\u00e9t ok n\u00e9lk\u00fcl.<\/li>\n\n\n\n<li><strong>Irre\u00e1lis elv\u00e1r\u00e1sok:<\/strong> Az elv\u00e1r\u00e1s, hogy a partner minden sz\u00fcks\u00e9glet\u00fcnket kiel\u00e9g\u00edtse, kompromisszumok n\u00e9lk\u00fcl.<\/li>\n\n\n\n<li><strong>Konfliktusok elker\u00fcl\u00e9se: <\/strong>A kapcsolati probl\u00e9m\u00e1k figyelmen k\u00edv\u00fcl hagy\u00e1sa, ahelyett, hogy sz\u00f3ba hozn\u00e1nk \u0151ket.<\/li>\n\n\n\n<li><strong>\u00c9rzelmi f\u00fcgg\u0151s\u00e9g:<\/strong> Teljes m\u00e9rt\u00e9kben a partnerre t\u00e1maszkodni az\u00e9rt, hogy j\u00f3l \u00e9rezz\u00fck magunkat.<\/li>\n\n\n\n<li><strong>\u00d6nelz\u00e1rk\u00f3z\u00e1s: <\/strong>Bar\u00e1tokt\u00f3l \u00e9s csal\u00e1dt\u00f3l val\u00f3 visszah\u00faz\u00f3d\u00e1s, hogy t\u00f6bb id\u0151t t\u00f6lthess\u00fcnk a partnerrel.<\/li>\n\n\n\n<li><strong>T\u00falreag\u00e1l\u00e1s a kritik\u00e1ra:<\/strong> V\u00e9dekez\u0151 vagy agressz\u00edv reakci\u00f3k a partner konstrukt\u00edv kritik\u00e1j\u00e1ra.<\/li>\n\n\n\n<li><strong>Gyors felad\u00e1s neh\u00e9zs\u00e9gek eset\u00e9n:<\/strong> A kapcsolat felad\u00e1sa az els\u0151 probl\u00e9m\u00e1k jelentkez\u00e9sekor.<\/li>\n\n\n\n<li><strong>Felesleges dr\u00e1m\u00e1k kelt\u00e9se:<\/strong> Konfliktusok gener\u00e1l\u00e1sa, hogy \u201eizgalmasabb\u00e1\u201d tegy\u00fck a kapcsolatot.<\/li>\n\n\n\n<li><strong>Saj\u00e1t sz\u00fcks\u00e9gletek figyelmen k\u00edv\u00fcl hagy\u00e1sa:<\/strong> \u00c1lland\u00f3 enged\u00e9kenys\u00e9g a konfliktusok elker\u00fcl\u00e9se \u00e9s a partner el\u00e9gedetts\u00e9g\u00e9nek \u00e9rdek\u00e9ben.<\/li>\n\n\n\n<li><strong>T\u00falzott f\u00e9lt\u00e9kenys\u00e9g:<\/strong> \u00c1lland\u00f3 agg\u00f3d\u00e1s a partner figyelme \u00e9s \u00e9rdekl\u0151d\u00e9se miatt.<\/li>\n<\/ol>\n\n\n\n<figure class=\"wp-block-image size-full\"><img loading=\"lazy\" decoding=\"async\" width=\"1000\" height=\"692\" src=\"https:\/\/monikagungl.com\/wp-content\/uploads\/Selbstsabotage-eine-Beziehung-1.webp\" alt=\"onszabotazs-a-szerelemben-integral-life-coaching\" class=\"wp-image-6342\" srcset=\"https:\/\/monikagungl.com\/wp-content\/uploads\/Selbstsabotage-eine-Beziehung-1.webp 1000w, https:\/\/monikagungl.com\/wp-content\/uploads\/Selbstsabotage-eine-Beziehung-1-960x664.webp 960w, https:\/\/monikagungl.com\/wp-content\/uploads\/Selbstsabotage-eine-Beziehung-1-768x531.webp 768w, https:\/\/monikagungl.com\/wp-content\/uploads\/Selbstsabotage-eine-Beziehung-1-600x415.webp 600w\" sizes=\"auto, (max-width: 1000px) 100vw, 1000px\" \/><\/figure>\n\n\n\n<h2 class=\"wp-block-heading\">A bels\u0151 ellens\u00e9g legy\u0151z\u00e9se: Strat\u00e9gi\u00e1k az \u00f6nszabot\u00e1zs ellen \ud83d\udee1\ufe0f<\/h2>\n\n\n\n<p>Az \u00f6nszabot\u00e1zs lek\u00fczd\u00e9se a kapcsolatokban tudatoss\u00e1got, \u00f6nvizsg\u00e1latot \u00e9s n\u00e9ha szakmai seg\u00edts\u00e9get ig\u00e9nyel. Az al\u00e1bbi l\u00e9p\u00e9sek seg\u00edthetnek ebben:<\/p>\n\n\n\n<ul class=\"wp-block-list\">\n<li><strong>\u00d6nismeret fejleszt\u00e9se: <\/strong>\u00d6nvizsg\u00e1laton kereszt\u00fcl, \u00e9s esetleg ter\u00e1pia seg\u00edts\u00e9g\u00e9vel felismerni a saj\u00e1t f\u00e9lelmeinket \u00e9s mint\u00e1inkat.<\/li>\n\n\n\n<li><strong>Ny\u00edlt kommunik\u00e1ci\u00f3 a partnerrel:<\/strong> \u0150szinte besz\u00e9lget\u00e9sek az \u00e9rzelmekr\u0151l, f\u00e9lelmekr\u0151l \u00e9s sz\u00fcks\u00e9gletekr\u0151l seg\u00edthetnek tiszt\u00e1zni a f\u00e9lre\u00e9rt\u00e9seket \u00e9s k\u00f6z\u00f6sen dolgozni a kapcsolaton.<\/li>\n\n\n\n<li><strong>\u00d6n\u00e9rt\u00e9kel\u00e9s \u00e9s f\u00fcggetlens\u00e9g fejleszt\u00e9se:<\/strong> \u00d6nmagunk szeretete \u00e9s egy f\u00fcggetlen, kiel\u00e9g\u00edt\u0151 \u00e9let vezet\u00e9se d\u00f6nt\u0151 fontoss\u00e1g\u00fa egy eg\u00e9szs\u00e9ges kapcsolat szempontj\u00e1b\u00f3l.<\/li>\n\n\n\n<li><strong>Kor\u00e1bbi traum\u00e1k feldolgoz\u00e1sa: <\/strong>Szakember seg\u00edts\u00e9g\u00e9nek ig\u00e9nybev\u00e9tele a feldolgozatlan m\u00faltbeli \u00e9lm\u00e9nyek kezel\u00e9s\u00e9re.<\/li>\n\n\n\n<li><strong>Konfliktuskezel\u00e9si strat\u00e9gi\u00e1k elsaj\u00e1t\u00edt\u00e1sa: <\/strong>Konstrukt\u00edv m\u00f3dszerek megtal\u00e1l\u00e1sa a v\u00e9lem\u00e9nyk\u00fcl\u00f6nbs\u00e9gek \u00e9s probl\u00e9m\u00e1k kezel\u00e9s\u00e9re a kapcsolatban.<\/li>\n<\/ul>\n\n\n\n<h2 class=\"wp-block-heading\"><strong>A f\u00e9lelem \u00e9s bizonytalans\u00e1g szerepe az \u00f6nszabot\u00e1zsban<\/strong> \ud83d\ude28<\/h2>\n\n\n\n<p>A f\u00e9lelem \u00e9s bizonytalans\u00e1g gyakran az \u00f6nszabot\u00e1zs k\u00f6zponti hajt\u00f3ereje a kapcsolatokban. Ezeknek az \u00e9rz\u00e9seknek \u00e9s eredet\u00fcknek m\u00e9lyebb meg\u00e9rt\u00e9se seg\u00edthet megt\u00f6rni az \u00f6nszabot\u00e1l\u00f3 mint\u00e1kat.<\/p>\n\n\n\n<h2 class=\"wp-block-heading\"><strong>V\u00e9dekez\u00e9si mechanizmusok: Elh\u00e1r\u00edt\u00e1s, projekci\u00f3 \u00e9s racion<\/strong>\u00e1l\u00e1s<\/h2>\n\n\n\n<p>Kapcsolatainkban gyakran pszichol\u00f3giai v\u00e9dekez\u00e9si mechanizmusokhoz folyamodunk, hogy kezelj\u00fck a f\u00e1jdalmas \u00e9rz\u00e9seket vagy f\u00e9lelmeket. A leggyakoribb mechanizmusok k\u00f6z\u00e9 tartozik:<\/p>\n\n\n\n<ul class=\"wp-block-list\">\n<li><strong>Elh\u00e1r\u00edt\u00e1s: <\/strong>Nem akarjuk elfogadni a f\u00e1jdalmas \u00e9rz\u00e9seket vagy eml\u00e9keket. P\u00e9lda: Kor\u00e1bban volt egy kapcsolatod, ahol gyakran voltak vit\u00e1k. Most, egy \u00faj kapcsolatban \u00fagy teszel, mintha sosem voltak volna probl\u00e9m\u00e1id a vit\u00e1kkal, b\u00e1r n\u00e9ha fesz\u00fclts\u00e9gek vannak. Elh\u00e1r\u00edtod a kor\u00e1bbi tapasztalatokat, ahelyett, hogy tanuln\u00e1l bel\u0151l\u00fck.<\/li>\n\n\n\n<li><strong>Projekci\u00f3:<\/strong> Saj\u00e1t k\u00edv\u00e1natosnak nem tartott \u00e9rz\u00e9seinket vagy gondolatainkat a partner\u00fcnk\u00e9nek tulajdon\u00edtjuk. P\u00e9lda: N\u00e9ha \u00fagy \u00e9rzed, hogy a kapcsolatodban elhanyagolnak, b\u00e1r a partnered igyekszik. Amikor a partnered id\u0151t k\u00e9r mag\u00e1nak, azonnal azt gondolod, hogy elhanyagol. Itt a saj\u00e1t \u00e9rz\u00e9seidet projekt\u00e1lod a partneredre.<\/li>\n\n\n\n<li><strong>Racionaliz\u00e1ci\u00f3:<\/strong> Logikus, de hamis magyar\u00e1zatokat tal\u00e1lni a viselked\u00e9sre, hogy ne kelljen szemben\u00e9zni az igazi okokkal. P\u00e9lda: Gyakran mondod le a tal\u00e1lkoz\u00f3kat a partnereddel az utols\u00f3 pillanatban. Ahelyett, hogy beismered, tal\u00e1n f\u00e9lsz a t\u00fal sok k\u00f6zels\u00e9gt\u0151l, azt mondod magadnak, hogy egyszer\u0171en csak t\u00fal elfoglalt vagy, vagy hogy a tal\u00e1lkoz\u00f3 nem volt olyan fontos.<\/li>\n<\/ul>\n\n\n\n<h2 class=\"wp-block-heading\"><strong>\u00d6nszabot\u00e1zs bar\u00e1ts\u00e1gokban \u00e9s m\u00e1s kapcsolatokban<\/strong> \ud83d\udc65<\/h2>\n\n\n\n<p>Az \u00f6nszabot\u00e1zs nem korl\u00e1toz\u00f3dik le csak a romantikus kapcsolatokra. Megjelenhet bar\u00e1ts\u00e1gokban \u00e9s m\u00e1s t\u00e1rsas kapcsolatokban is. \u00cdme \u00f6t tipikus emberi ok, ami\u00e9rt rossz bar\u00e1ts\u00e1gokhoz ragaszkodunk:<\/p>\n\n\n\n<ul class=\"wp-block-list\">\n<li><strong>F\u00e9lelem az egyed\u00fcll\u00e9tt\u0151l:<\/strong> N\u00e9h\u00e1ny ember ragaszkodik a rossz bar\u00e1ts\u00e1gokhoz , mert f\u00e9lnek, hogy k\u00fcl\u00f6nben egyed\u00fcl maradnak.<\/li>\n\n\n\n<li><strong>Szok\u00e1s \u00e9s komfortz\u00f3na: <\/strong>Egy bar\u00e1ts\u00e1gban maradunk, mert ismer\u0151s, m\u00e9g ha nem is kiel\u00e9g\u00edt\u0151 vagy ak\u00e1r k\u00e1ros.<\/li>\n\n\n\n<li><strong>Hi\u00e1nyz\u00f3 \u00f6n\u00e9rt\u00e9kel\u00e9s:<\/strong> A hit, hogy nem \u00e9rdeml\u00fcnk vagy nem tal\u00e1lhatunk jobb bar\u00e1tokat.<\/li>\n\n\n\n<li><strong>Konfront\u00e1ci\u00f3t\u00f3l val\u00f3 f\u00e9lelem:<\/strong> Nem akarunk szembes\u00fclni a bar\u00e1ts\u00e1g val\u00f3s\u00e1g\u00e1val \u00e9s esetleges konfliktusokat kock\u00e1ztatni.<\/li>\n\n\n\n<li><strong>V\u00e1ltoz\u00e1sban val\u00f3 rem\u00e9ny:<\/strong> A hit, hogy a bar\u00e1t vagy bar\u00e1tn\u0151 megv\u00e1ltozik, gyakran megtart benn\u00fcnket probl\u00e9m\u00e1s kapcsolatokban.<\/li>\n<\/ul>\n\n\n\n<figure class=\"wp-block-image size-full\"><img loading=\"lazy\" decoding=\"async\" width=\"1000\" height=\"667\" src=\"https:\/\/monikagungl.com\/wp-content\/uploads\/eine-harmonische-Beziehung.webp\" alt=\"egy-harmonikus-kapcsolat-selfi\" class=\"wp-image-6347\" srcset=\"https:\/\/monikagungl.com\/wp-content\/uploads\/eine-harmonische-Beziehung.webp 1000w, https:\/\/monikagungl.com\/wp-content\/uploads\/eine-harmonische-Beziehung-960x640.webp 960w, https:\/\/monikagungl.com\/wp-content\/uploads\/eine-harmonische-Beziehung-768x512.webp 768w, https:\/\/monikagungl.com\/wp-content\/uploads\/eine-harmonische-Beziehung-600x400.webp 600w\" sizes=\"auto, (max-width: 1000px) 100vw, 1000px\" \/><\/figure>\n\n\n\n<h2 class=\"wp-block-heading\">Z\u00e1rsz\u00f3 \u00e9s Aj\u00e1nlat: Fedezd fel tov\u00e1bbi cikkeimet \u00e9s foglalj id\u0151pontot egy ingyenes konzult\u00e1ci\u00f3ra \ud83c\udf1f<\/h2>\n\n\n\n<p>Az \u00f6nszabot\u00e1zs lek\u00fczd\u00e9se a kapcsolatokban megnyitja az ajt\u00f3t egy teljesebb \u00e9s hitelesebb \u00e9lethez. Te rendelkezel azzal az er\u0151vel, hogy pozit\u00edvan megv\u00e1ltoztasd a kapcsolati mint\u00e1idat \u00e9s m\u00e9lyebb boldogs\u00e1got tal\u00e1lj.<\/p>\n\n\n\n<p>Ha k\u00e9szen \u00e1llsz m\u00e9lyebben elmer\u00fclni az \u00f6nszabot\u00e1zs vil\u00e1g\u00e1ban \u00e9s gyakorlati megold\u00e1sokat felfedezni, szeretettel megh\u00edvlak, hogy olvasd el r\u00e9szletes bejegyz\u00e9semet az \u00f6nszabot\u00e1zs alapjair\u00f3l. Itt tal\u00e1lsz egy speci\u00e1lis tesztet is, amely seg\u00edt jobban meg\u00e9rteni a szem\u00e9lyes mint\u00e1idat:<\/p>\n\n\n\n<ul class=\"wp-block-list\">\n<li>\ud83d\udcda Tudj meg t\u00f6bbet az \u00f6nszabot\u00e1zs alapjair\u00f3l<\/li>\n\n\n\n<li>\ud83e\udde9V\u00e9gezd el az \u00f6nszabot\u00e1zs tesztet<\/li>\n<\/ul>\n\n\n\n<p>Ezenk\u00edv\u00fcl k\u00fcl\u00f6nleges coaching programokat k\u00edn\u00e1lok, amelyek seg\u00edtenek a kapcsolataidat \u00e9s a szakmai \u00e9letedet egy \u00faj szintre emelni. Tudj meg t\u00f6bbet a coaching aj\u00e1nlataimr\u00f3l, \u00e9s kezdd el az utaz\u00e1sodat egy tudatosabb \u00e9s teljesebb \u00e9ned fel\u00e9:<\/p>\n\n\n\n<ul class=\"wp-block-list\">\n<li>\ud83d\udca1 <a href=\"https:\/\/monikagungl.com\/hu\/leistungen\/integral-eletmodvaltas\/#termin\" data-type=\"link\" data-id=\"https:\/\/monikagungl.com\/hu\/leistungen\/integral-eletmodvaltas\/#termin\">Foglalj helyet egy ingyenes online konzult\u00e1ci\u00f3ra<\/a><\/li>\n\n\n\n<li>\ud83c\udf31 Tudj meg t\u00f6bbet az Integral Business Coachingr\u00f3l<\/li>\n<\/ul>\n\n\n\n<p>Ragadd meg a lehet\u0151s\u00e9get a szem\u00e9lyes n\u00f6veked\u00e9sre \u00e9s er\u0151sebb, eg\u00e9szs\u00e9gesebb kapcsolatokra. Az \u00fat a boldogabb \u00e9lethez <a href=\"https:\/\/monikagungl.com\/hu\/leistungen\/integral-eletmodvaltas\/#termin\" data-type=\"link\" data-id=\"https:\/\/monikagungl.com\/hu\/leistungen\/integral-eletmodvaltas\/#termin\">itt kezd\u0151dik. \ud83d\ude80<\/a> Foglalj id\u0151pontot egy ingyenes els\u0151 konzult\u00e1ci\u00f3ra!!<\/p>\n","protected":false},"excerpt":{"rendered":"<p>Az \u00f6nszabot\u00e1zs felismer\u00e9se \u00e9s kezel\u00e9se a kapcsolatokban: l\u00e9p\u00e9sek a boldogabb egy\u00fctt\u00e9l\u00e9s fel\u00e9.<\/p>\n","protected":false},"author":2,"featured_media":6345,"comment_status":"open","ping_status":"closed","sticky":false,"template":"","format":"standard","meta":{"_seopress_robots_primary_cat":"none","_seopress_titles_title":"\u00d6nszabot\u00e1zs a Kapcsolatokban: Mikor Mi Magunk Vagyunk a G\u00e1t","_seopress_titles_desc":"Az \u00f6nszabot\u00e1zs a kapcsolatokban gyakori probl\u00e9ma. Olvasd el, hogyan ismerheted fel \u00e9s hogyan k\u00fczdheted le","_seopress_robots_index":"","footnotes":""},"categories":[119,120,1],"tags":[],"class_list":["post-6473","post","type-post","status-publish","format-standard","has-post-thumbnail","hentry","category-business-coaching-blog-hu","category-life-coaching-ratgeber-hu","category-unkategorisiert"],"meta_box":[],"_links":{"self":[{"href":"https:\/\/monikagungl.com\/hu\/wp-json\/wp\/v2\/posts\/6473","targetHints":{"allow":["GET"]}}],"collection":[{"href":"https:\/\/monikagungl.com\/hu\/wp-json\/wp\/v2\/posts"}],"about":[{"href":"https:\/\/monikagungl.com\/hu\/wp-json\/wp\/v2\/types\/post"}],"author":[{"embeddable":true,"href":"https:\/\/monikagungl.com\/hu\/wp-json\/wp\/v2\/users\/2"}],"replies":[{"embeddable":true,"href":"https:\/\/monikagungl.com\/hu\/wp-json\/wp\/v2\/comments?post=6473"}],"version-history":[{"count":2,"href":"https:\/\/monikagungl.com\/hu\/wp-json\/wp\/v2\/posts\/6473\/revisions"}],"predecessor-version":[{"id":6477,"href":"https:\/\/monikagungl.com\/hu\/wp-json\/wp\/v2\/posts\/6473\/revisions\/6477"}],"wp:featuredmedia":[{"embeddable":true,"href":"https:\/\/monikagungl.com\/hu\/wp-json\/wp\/v2\/media\/6345"}],"wp:attachment":[{"href":"https:\/\/monikagungl.com\/hu\/wp-json\/wp\/v2\/media?parent=6473"}],"wp:term":[{"taxonomy":"category","embeddable":true,"href":"https:\/\/monikagungl.com\/hu\/wp-json\/wp\/v2\/categories?post=6473"},{"taxonomy":"post_tag","embeddable":true,"href":"https:\/\/monikagungl.com\/hu\/wp-json\/wp\/v2\/tags?post=6473"}],"curies":[{"name":"wp","href":"https:\/\/api.w.org\/{rel}","templated":true}]}}