{"id":6478,"date":"2024-06-05T13:37:14","date_gmt":"2024-06-05T11:37:14","guid":{"rendered":"https:\/\/monikagungl.com\/selbstsabotage\/"},"modified":"2024-03-13T17:26:16","modified_gmt":"2024-03-13T16:26:16","slug":"onszabotazs","status":"publish","type":"post","link":"https:\/\/monikagungl.com\/hu\/onszabotazs\/","title":{"rendered":"\u00d6nszabot\u00e1zs teszt: Rejtett csapd\u00e1k felismer\u00e9se \u00e9s lek\u00fczd\u00e9se"},"content":{"rendered":"\n<p>Ebben a r\u00e9szletes cikkben felfedj\u00fck az \u00f6nszabot\u00e1zs jelens\u00e9g\u00e9t, amely gyakran tudattalanul h\u00e1tr\u00e1ltat minket abban, hogy teljes potenci\u00e1lunkat megval\u00f3s\u00edtsuk. Megvizsg\u00e1ljuk az \u00f6nszabot\u00e1zs k\u00fcl\u00f6nb\u00f6z\u0151 megjelen\u00e9si form\u00e1it, \u00e9s betekint\u00e9st kapunk a pszichol\u00f3giai h\u00e1tter\u00e9be. Praktikus tan\u00e1csokkal seg\u00edtek az \u00f6ndestrukt\u00edv mint\u00e1k felismer\u00e9s\u00e9ben \u00e9s lek\u00fczd\u00e9s\u00e9ben, \u00edgy a cikk elengedhetetlen olvasm\u00e1ny mindazok sz\u00e1m\u00e1ra, akik a szem\u00e9lyes fejl\u0151d\u00e9s \u00fatj\u00e1n j\u00e1rnak. <strong>\u00d6nszabot\u00e1zs Teszt itt.<\/strong><\/p>\n\n\n\n<div class=\"wp-block-buttons is-content-justification-center is-layout-flex wp-container-core-buttons-is-layout-16018d1d wp-block-buttons-is-layout-flex\">\n<div class=\"wp-block-button has-custom-font-size has-small-font-size\"><a class=\"wp-block-button__link has-white-color has-cool-to-warm-spectrum-gradient-background has-text-color has-background has-link-color wp-element-button\" href=\"#teszt\"><strong>Tov\u00e1bb a teszthez<\/strong><\/a><\/div>\n<\/div>\n\n\n\n<p><\/p>\n\n\n\n<h2 class=\"wp-block-heading\">\u00d6nszabot\u00e1zs: A Bels\u0151 Ellen\u00e1ll\u00e1sunk \u2013 Egy Integr\u00e1l Coaching Megk\u00f6zel\u00edt\u00e9s<\/h2>\n\n\n\n<h3 class=\"wp-block-heading\">Az \u00d6nszabot\u00e1zs Meg\u00e9rt\u00e9se:<\/h3>\n\n\n\n<p>Az \u00f6nszabot\u00e1zs olyan komplex jelens\u00e9g, amely sor\u00e1n az emberek tudatosan vagy tudattalanul olyan cselekedeteket v\u00e9geznek, amelyek ellent\u00e9tesek saj\u00e1t \u00e9rdekeikkel, c\u00e9ljaikkal vagy \u00e9rt\u00e9keikkel. Ez a viselked\u00e9s mintha saj\u00e1t magunkat akad\u00e1lyozn\u00e1nk meg a siker vagy a boldogs\u00e1g el\u00e9r\u00e9s\u00e9ben.<\/p>\n\n\n\n<h2 class=\"wp-block-heading\">Mi\u00e9rt Akad\u00e1lyozzuk Meg Saj\u00e1t Magunkat?<\/h2>\n\n\n\n<p>Az \u00f6nszabot\u00e1zs okai sokr\u00e9t\u0171ek \u00e9s m\u00e9lyen gy\u00f6kereznek, gyakran tudattalan hiedelmek \u00e9s viselked\u00e9smint\u00e1k form\u00e1j\u00e1ban, melyek kor\u00e1bbi tapasztalatokb\u00f3l erednek. <strong>\u00d6nszabot\u00e1zs Teszt itt.<\/strong><\/p>\n\n\n\n<h2 class=\"wp-block-heading\">Hogyan Sz\u00fcntethetj\u00fck Meg?<\/h2>\n\n\n\n<p>Az \u00f6nszabot\u00e1zs mint\u00e1inak felismer\u00e9se \u00e9s meg\u00e9rt\u00e9se az els\u0151 l\u00e9p\u00e9s a lek\u00fczd\u00e9s\u00fck fel\u00e9. A saj\u00e1t gondolatainkkal \u00e9s \u00e9rz\u00e9seinkkel val\u00f3 tudatos b\u00e1n\u00e1sm\u00f3d, valamint a re\u00e1lis c\u00e9lok kit\u0171z\u00e9se seg\u00edthet megt\u00f6rni az \u00f6nszabot\u00e1zs mint\u00e1it.<\/p>\n\n\n\n<p>Mint integr\u00e1l coach, melletted \u00e1llok, hogy tudatosabban kezeld gondolataidat \u00e9s \u00e9rz\u00e9seidet. Egy\u00fctt dolgozunk azon, hogy re\u00e1lis \u00e9s el\u00e9rhet\u0151 c\u00e9lokat t\u0171zz\u00fcnk ki, amelyek hozz\u00e1j\u00e1rulnak az \u00f6nszabot\u00e1zs mint\u00e1inak megt\u00f6r\u00e9s\u00e9hez. Egy holisztikus megk\u00f6zel\u00edt\u00e9ssel, amely mag\u00e1ban foglalja az \u00e9rzelmi \u00e9s kognit\u00edv aspektusokat is, t\u00e1mogatlak abban, hogy felismerd a r\u00e9gi mint\u00e1kat \u00e9s \u00faj, \u00e9p\u00edt\u0151 jelleg\u0171 utakat tal\u00e1lj az \u00e9letedben.<\/p>\n\n\n\n<h2 class=\"wp-block-heading\">Mi \u00e1ll a viselked\u00e9s\u00fcnk m\u00f6g\u00f6tt?<\/h2>\n\n\n\n<p>Az \u00f6nszabot\u00e1zs okai m\u00e9lyen a tudatalattinkban gy\u00f6kereznek. Gyakran v\u00e9delmi mechanizmusokr\u00f3l van sz\u00f3, amelyek meg\u00f3vnak minket a felt\u00e9telezett f\u00e1jdalomt\u00f3l vagy kudarct\u00f3l. Ezek a mint\u00e1k t\u00f6bbnyire gyermekkorban keletkeznek, \u00e9s \u00e9veken \u00e1t er\u0151s\u00f6dnek.<\/p>\n\n\n\n<h2 class=\"wp-block-heading\">Az \u00f6nszabot\u00e1zs mechanizmusai<\/h2>\n\n\n\n<ol class=\"wp-block-list\">\n<li><strong>Perfekcionizmus:<\/strong> A t\u00f6k\u00e9letess\u00e9gre val\u00f3 t\u00f6rekv\u00e9s b\u00e9n\u00edt\u00f3an hathat, \u00e9s k\u00e9sleltet\u00e9seket vagy elker\u00fcl\u00e9st eredm\u00e9nyezhet. <\/li>\n\n\n\n<li><strong>Halogat\u00e1s:<\/strong> Fontos feladatok elhalaszt\u00e1sa, gyakran az eredm\u00e9nyt\u0151l val\u00f3 f\u00e9lelem miatt. <\/li>\n\n\n\n<li><strong>Negat\u00edv, kritikus bels\u0151 p\u00e1rbesz\u00e9d:<\/strong> Saj\u00e1t magunk lekicsinyl\u00e9se vagy kritiz\u00e1l\u00e1sa. Ker\u00fcl\u00e9s: Konfliktusok vagy neh\u00e9z helyzetek elker\u00fcl\u00e9se a kellemetlens\u00e9g elker\u00fcl\u00e9se \u00e9rdek\u00e9ben. <\/li>\n\n\n\n<li><strong>T\u00falv\u00e1llal\u00e1s:<\/strong> Munk\u00e1ba temetkez\u00e9s, hogy ne kelljen szemben\u00e9zni a szem\u00e9lyes probl\u00e9m\u00e1kkal. <\/li>\n\n\n\n<li><strong>\u00d6nbizalomhi\u00e1ny: <\/strong>\u00c1lland\u00f3 k\u00e9ts\u00e9gek a saj\u00e1t k\u00e9pess\u00e9geinkkel \u00e9s d\u00f6nt\u00e9seinkkel kapcsolatban. <\/li>\n\n\n\n<li><strong>Sikert\u0151l val\u00f3 f\u00e9lelem: <\/strong>Tudattalan f\u00e9lelem att\u00f3l, hogy mit hozhat mag\u00e1val a siker.<\/li>\n<\/ol>\n\n\n\n<h2 class=\"wp-block-heading\">Az \u00f6nszabot\u00e1zs okai<\/h2>\n\n\n\n<ul class=\"wp-block-list\">\n<li><strong>Alacsony \u00f6n\u00e9rt\u00e9kel\u00e9s: <\/strong>Az alacsony \u00f6n\u00e9rt\u00e9kel\u00e9s gyakran vezet \u00f6nszabot\u00e1l\u00f3 viselked\u00e9shez. <\/li>\n\n\n\n<li><strong>Negat\u00edv \u00f6nk\u00e9p:<\/strong> Az, ahogy magunkat l\u00e1tjuk, befoly\u00e1solja viselked\u00e9s\u00fcnket \u00e9s d\u00f6nt\u00e9seinket. <\/li>\n\n\n\n<li><strong>\u00d6nbizalom hi\u00e1ny: <\/strong>\u00c1lland\u00f3 k\u00e9rd\u0151jelek a saj\u00e1t k\u00e9pess\u00e9geink \u00e9s \u00e9rt\u00e9k\u00fcnk fel\u0151l. \u00d6nbizalom n\u00e9lk\u00fcl neh\u00e9z pozit\u00edv v\u00e1ltoz\u00e1sokat v\u00e9grehajtani. <\/li>\n\n\n\n<li><strong>Viselked\u00e9si mint\u00e1k:<\/strong> A m\u00faltb\u00f3l ered\u0151, m\u00e9lyen gy\u00f6kerez\u0151 mint\u00e1k, amelyek befoly\u00e1solj\u00e1k viselked\u00e9s\u00fcnket. <\/li>\n\n\n\n<li><strong>Magas elv\u00e1r\u00e1sok:<\/strong> Az \u00f6nmagunkkal szemben t\u00e1masztott irre\u00e1lis elv\u00e1r\u00e1sok b\u00e9n\u00edt\u00f3an hathatnak. <\/li>\n\n\n\n<li><strong>F\u00e9lelem:<\/strong> A visszautas\u00edt\u00e1st\u00f3l, kudarct\u00f3l vagy a j\u00f6v\u0151t\u0151l val\u00f3 f\u00e9lelem.<\/li>\n<\/ul>\n\n\n\n<figure class=\"wp-block-image size-full\"><img loading=\"lazy\" decoding=\"async\" width=\"1000\" height=\"667\" src=\"https:\/\/monikagungl.com\/wp-content\/uploads\/selbstbild-1.webp\" alt=\"selbstbild-ursache-von -selbstsabotage\" class=\"wp-image-6224\" srcset=\"https:\/\/monikagungl.com\/wp-content\/uploads\/selbstbild-1.webp 1000w, https:\/\/monikagungl.com\/wp-content\/uploads\/selbstbild-1-960x640.webp 960w, https:\/\/monikagungl.com\/wp-content\/uploads\/selbstbild-1-768x512.webp 768w, https:\/\/monikagungl.com\/wp-content\/uploads\/selbstbild-1-600x400.webp 600w\" sizes=\"auto, (max-width: 1000px) 100vw, 1000px\" \/><\/figure>\n\n\n\n<h2 class=\"wp-block-heading\">Hogyan ismerhetj\u00fck fel az \u00f6nszabot\u00e1zst?<\/h2>\n\n\n\n<ul class=\"wp-block-list\">\n<li><strong>Fontos feladatok folyamatos halogat\u00e1sa<\/strong><\/li>\n\n\n\n<li><strong>Ism\u00e9tl\u0151d\u0151 negat\u00edv gondolatok magunkr\u00f3l <\/strong><\/li>\n\n\n\n<li><strong>A kih\u00edv\u00e1soknak vagy \u00faj \u00e9lm\u00e9nyeknek gyakori ker\u00fcl\u00e9se<\/strong><\/li>\n\n\n\n<li><strong>Ugyanazokban a negat\u00edv helyzetekben val\u00f3 ism\u00e9telt megjelen\u00e9s<\/strong> <\/li>\n\n\n\n<li><strong>Neh\u00e9zs\u00e9gek az eredm\u00e9nyek \u00e9lvezet\u00e9ben vagy elfogad\u00e1s\u00e1ban<\/strong><\/li>\n<\/ul>\n\n\n\n<h2 class=\"wp-block-heading\">Hogyan k\u00fczdhetj\u00fck le az \u00f6nszabot\u00e1zst?<\/h2>\n\n\n\n<ul class=\"wp-block-list\">\n<li><strong>\u00d6nreflexi\u00f3: <\/strong>Rendszeres saj\u00e1t gondolataink \u00e9s cselekedeteink megk\u00e9rd\u0151jelez\u00e9se. <\/li>\n\n\n\n<li><strong>Re\u00e1lis c\u00e9lok kit\u0171z\u00e9se:<\/strong> El\u00e9rhet\u0151 \u00e9s m\u00e9rhet\u0151 c\u00e9lok. <\/li>\n\n\n\n<li><strong>Pozit\u00edv \u00f6nmeger\u0151s\u00edt\u00e9s:<\/strong> A negat\u00edv gondolatok pozit\u00edv meger\u0151s\u00edt\u00e9sekkel val\u00f3 helyettes\u00edt\u00e9se. <\/li>\n\n\n\n<li><strong>Szembes\u00fcl\u00e9s a f\u00e9lelmekkel:<\/strong> L\u00e9p\u00e9sr\u0151l l\u00e9p\u00e9sre szemben\u00e9z\u00e9s a saj\u00e1t f\u00e9lelmeinkkel.<\/li>\n\n\n\n<li><strong>Figyelem, jelenl\u00e9t gyakorlatok: <\/strong>A jelenben marad\u00e1s \u00e9rdek\u00e9ben, hogy ne ess\u00fcnk vissza az \u00f6nszabot\u00e1l\u00f3 mint\u00e1kba. <\/li>\n\n\n\n<li><strong>Professzion\u00e1lis seg\u00edts\u00e9g keres\u00e9se:<\/strong> Egy coach vagy terapeuta seg\u00edthet felismerni \u00e9s feloldani a tudattalan mint\u00e1kat. <\/li>\n\n\n\n<li><strong>A kis siker\u00e9lm\u00e9nyek megbecs\u00fcl\u00e9se:<\/strong> Minden kis siker \u00e9rt\u00e9kel\u00e9se \u00e9s helyes ir\u00e1nyba tett l\u00e9p\u00e9sk\u00e9nt val\u00f3 \u00e9rtelmez\u00e9se.<\/li>\n<\/ul>\n\n\n\n<figure class=\"wp-block-image size-full\"><img loading=\"lazy\" decoding=\"async\" width=\"1000\" height=\"497\" src=\"https:\/\/monikagungl.com\/wp-content\/uploads\/selbstsabotage-ueberwinden-1.webp\" alt=\"selbstsabotage-ueberwinden-integral-coaching\" class=\"wp-image-6226\" srcset=\"https:\/\/monikagungl.com\/wp-content\/uploads\/selbstsabotage-ueberwinden-1.webp 1000w, https:\/\/monikagungl.com\/wp-content\/uploads\/selbstsabotage-ueberwinden-1-960x477.webp 960w, https:\/\/monikagungl.com\/wp-content\/uploads\/selbstsabotage-ueberwinden-1-768x382.webp 768w, https:\/\/monikagungl.com\/wp-content\/uploads\/selbstsabotage-ueberwinden-1-600x298.webp 600w\" sizes=\"auto, (max-width: 1000px) 100vw, 1000px\" \/><\/figure>\n\n\n\n<h3 class=\"wp-block-heading\">P\u00e9ld\u00e1k az \u00d6nszabot\u00e1zsra \u00e9s T\u00fcneteire<\/h3>\n\n\n\n<ul class=\"wp-block-list\">\n<li><strong><a href=\"https:\/\/monikagungl.com\/hu\/onszabotazs-a-kapcsolatokban\/\" data-type=\"post\" data-id=\"6473\">Kapcsolatok:<\/a> <\/strong>Bizalmatlans\u00e1g, f\u00e9lt\u00e9kenys\u00e9g<\/li>\n\n\n\n<li><strong><a href=\"https:\/\/monikagungl.com\/hu\/onszabotazs-fogyasban\/\" data-type=\"post\" data-id=\"6406\">Fogy\u00f3k\u00fara:<\/a><\/strong> Di\u00e9t\u00e1k gyors felad\u00e1sa<\/li>\n\n\n\n<li><strong>Siker:<\/strong> Lehet\u0151s\u00e9gek elker\u00fcl\u00e9se, f\u00e9lelem a siker el\u0151l<\/li>\n\n\n\n<li><strong>Halogat\u00e1s, t\u00falzott aggodalom<\/strong>, irre\u00e1lis standardok, <strong>kr\u00f3nikus el\u00e9gedetlens\u00e9g, \u00f6nizol\u00e1ci\u00f3<\/strong>, \u00e1lland\u00f3 <strong>negativit\u00e1s<\/strong>, <strong>visszajelz\u00e9s vagy kritika elker\u00fcl\u00e9se<\/strong><\/li>\n<\/ul>\n\n\n\n<p>Minden egyes forma arra utalhat, hogy m\u00e9lyebben fekv\u0151 probl\u00e9m\u00e1k, p\u00e9ld\u00e1ul traum\u00e1k lehetnek az okai. Speci\u00e1lis cikkemben az <strong><a href=\"https:\/\/monikagungl.com\/hu\/kiut-a-trauma-okozta-onszabotazsbol\/\" data-type=\"post\" data-id=\"6409\">\u00f6nszabot\u00e1zs traumak\u00f6vetkezm\u00e9nyek\u00e9nt<\/a><\/strong> val\u00f3 megk\u00f6zel\u00edt\u00e9s\u00e9vel m\u00e9lyebben foglalkozom a trauma \u00e9s az \u00f6nszabot\u00e1zs k\u00f6z\u00f6tti kapcsolattal, \u00e9s betekint\u00e9st \u00e9s megold\u00e1sokat k\u00edn\u00e1lok ezeknek a destrukt\u00edv mint\u00e1knak a lek\u00fczd\u00e9s\u00e9re.<\/p>\n\n\n\n<h2 class=\"wp-block-heading\">J\u00falia Esete: Az \u00d6nszabot\u00e1zs Lek\u00fczd\u00e9se Integr\u00e1l Coachinggal<\/h2>\n\n\n\n<p>J\u00falia, aki a munk\u00e1j\u00e1ban \u00e9s mag\u00e1n\u00e9let\u00e9ben is az \u00f6nszabot\u00e1zs mint\u00e1ival k\u00fczd\u00f6tt, integr\u00e1l coaching programba kezdett. Az integr\u00e1l coaching egy holisztikus megk\u00f6zel\u00edt\u00e9st alkalmaz, amely figyelembe veszi az egy\u00e9n fizikai, ment\u00e1lis, \u00e9rzelmi \u00e9s spiritu\u00e1lis dimenzi\u00f3it.<a href=\"https:\/\/monikagungl.com\/hu\/leistungen\/integral-eletmodvaltas\/#termin\"> Itt foglalj helyet<\/a> ingyenes els\u0151 Coaching-ra.<\/p>\n\n\n\n<h3 class=\"wp-block-heading\">A Folyamat L\u00e9p\u00e9sei r\u00f6viden<\/h3>\n\n\n\n<ol class=\"wp-block-list\">\n<li><strong>\u00d6nreflexi\u00f3 \u00e9s \u00d6nismeret Fejleszt\u00e9se<\/strong>: J\u00falia az integral coaching seg\u00edts\u00e9g\u00e9vel m\u00e9lyrehat\u00f3 \u00f6nreflexi\u00f3s gyakorlatokon ment kereszt\u00fcl, amelyek seg\u00edtettek felismerni a tudattalan \u00f6nszabot\u00e1l\u00f3 mint\u00e1it, mint p\u00e9ld\u00e1ul a t\u00falzott munkav\u00e1llal\u00e1s \u00e9s a sikert\u0151l val\u00f3 f\u00e9lelem.<\/li>\n\n\n\n<li><strong>C\u00e9lkit\u0171z\u00e9s \u00e9s Akci\u00f3tervez\u00e9s<\/strong>: Meghat\u00e1roztuk a konkr\u00e9t, el\u00e9rhet\u0151 c\u00e9lokat, amelyek J\u00falia szem\u00e9lyes \u00e9s szakmai \u00e9let\u00e9re vonatkoztak. Az akci\u00f3tervek kidolgoz\u00e1sa seg\u00edtett neki fokozatos l\u00e9p\u00e9seket tennie a v\u00e1ltoz\u00e1s fel\u00e9.<\/li>\n\n\n\n<li><strong>Gondolkod\u00e1sm\u00f3d V\u00e1ltoztat\u00e1sa<\/strong>: A coaching seg\u00edts\u00e9g\u00e9vel J\u00falia munk\u00e1lkodott gondolkod\u00e1sm\u00f3dj\u00e1nak \u00e1talak\u00edt\u00e1s\u00e1n, elsaj\u00e1t\u00edtva a pozit\u00edv \u00f6nmeger\u0151s\u00edt\u00e9s technik\u00e1it, amelyekkel felv\u00e1ltotta a negat\u00edv p\u00e1rbesz\u00e9det \u00f6nmag\u00e1val .<\/li>\n\n\n\n<li><strong>Stresszkezel\u00e9s \u00e9s Relax\u00e1ci\u00f3s Technik\u00e1k<\/strong>: Bevezet\u00e9sre ker\u00fcltek a stresszkezel\u00e9si \u00e9s relax\u00e1ci\u00f3s technik\u00e1k, mint a mindfulness medit\u00e1ci\u00f3 \u00e9s a l\u00e9gz\u00e9si gyakorlatok, amelyek seg\u00edtettek cs\u00f6kkenteni a t\u00falzott aggodalmat \u00e9s a halogat\u00e1st.<\/li>\n\n\n\n<li><strong>A Sikert\u0151l Val\u00f3 F\u00e9lelem Kezel\u00e9se<\/strong>: J\u00falia szemben\u00e9zett a sikert\u0151l val\u00f3 f\u00e9lelemmel, meg\u00e9rtve annak gy\u00f6kereit \u00e9s dolgozva azon, hogy \u00fajra \u00e9rtelmezze a siker fogalm\u00e1t. Ez\u00e1ltal kev\u00e9sb\u00e9 \u00e9rezte mag\u00e1t fenyegetve a potenci\u00e1lis sikerek \u00e1ltal.<\/li>\n\n\n\n<li><strong>Kapcsolati Dinamik\u00e1k Jav\u00edt\u00e1sa<\/strong>: F\u00f3kusz\u00e1ltunk a kapcsolati dinamik\u00e1k jav\u00edt\u00e1s\u00e1ra, k\u00fcl\u00f6n\u00f6sen a bizalom \u00e9s nyitotts\u00e1g fejleszt\u00e9s\u00e9re J\u00falia \u00e9s partnere, valamint munkat\u00e1rsai k\u00f6z\u00f6tt.<\/li>\n<\/ol>\n\n\n\n<h3 class=\"wp-block-heading\">\u00d6sszefoglal\u00e1s<\/h3>\n\n\n\n<p>Julia esete vil\u00e1gosan mutatja, hogy egy integr\u00e1l megk\u00f6zel\u00edt\u00e9s a coachingban, bele\u00e9rtve a \u00e1rny\u00e9kmunk\u00e1t is, seg\u00edthet meg\u00e9rteni \u00e9s lek\u00fczdeni az \u00f6nszabot\u00e1zs m\u00e9lyen fekv\u0151 okait. A testi, ment\u00e1lis, \u00e9rzelmi \u00e9s spiritu\u00e1lis aspektusok holisztikus vizsg\u00e1lat\u00e1val Julia nemcsak el\u00e9rte a k\u00edv\u00e1nt tests\u00falyt, hanem kapcsolatai a partner\u00e9vel \u00e9s munkat\u00e1rsaival, valamint az eg\u00e9sz \u00e9lete pozit\u00edv ir\u00e1nyba v\u00e1ltozott. Eg\u00e9szs\u00e9ges rutinokat \u00e9s szok\u00e1sokat alak\u00edtott ki \u00e9let\u00e9ben, \u00e9s ma egy kiegyens\u00falyozott \u00e9letet \u00e9l.<\/p>\n\n\n\n<h2 class=\"wp-block-heading\" id=\"teszt\">\u00d6nszabot\u00e1zs-teszt: Ismerd fel a mint\u00e1idat<\/h2>\n\n\n\n<p>V\u00e1laszolj a k\u00f6vetkez\u0151 k\u00e9rd\u00e9sekre \u201eIgen\u201d vagy \u201eNem\u201d v\u00e1laszokkal, hogy jobban meg\u00e9rtsd, vajon milyen m\u00f3don mutatkoznak meg n\u00e1lad az \u00f6nzsabot\u00e1l\u00f3 viselked\u00e9smint\u00e1k.<\/p>\n\n\n\n<ol class=\"wp-block-list\">\n<li>Gyakran ker\u00fcl\u00f6d el a fontos feladatokat halogat\u00e1ssal? <\/li>\n\n\n\n<li>Rendszeresen \u00e9rzed magad t\u00falterheltnek, amikor a c\u00e9ljaid el\u00e9r\u00e9s\u00e9r\u0151l van sz\u00f3? <\/li>\n\n\n\n<li>Hajlamos vagy irre\u00e1lis c\u00e9lokat kit\u0171zni magadnak, amelyek szinte lehetetlenek el\u00e9rni? <\/li>\n\n\n\n<li>Gyakran \u00e9s szigor\u00faan kritiz\u00e1lod magadat, m\u00e9g kisebb hib\u00e1kn\u00e1l is? <\/li>\n\n\n\n<li>Ker\u00fcl\u00f6d a visszajelz\u00e9sek vagy konstrukt\u00edv kritik\u00e1k elfogad\u00e1s\u00e1t m\u00e1sokt\u00f3l? <\/li>\n\n\n\n<li>Gyakran \u00e9rzed magadat a k\u00f6r\u00fclm\u00e9nyek \u00e1ldozatak\u00e9nt, ahelyett, hogy akt\u00edvan alak\u00edtan\u00e1d az \u00e9letedet?<\/li>\n\n\n\n<li>Stresszhelyzetekben k\u00e1ros szok\u00e1sokhoz ny\u00falsz (pl. t\u00falzott ev\u00e9s, doh\u00e1nyz\u00e1s)? <\/li>\n\n\n\n<li>Neh\u00e9zs\u00e9geid vannak az eredm\u00e9nyeid \u00f6r\u00f6m\u00e9nek meg\u00e9l\u00e9s\u00e9vel vagy elismer\u00e9s\u00e9vel? <\/li>\n\n\n\n<li>Szoci\u00e1lisan visszavonulsz, amikor kih\u00edv\u00e1sokkal szembes\u00fclsz? <\/li>\n\n\n\n<li>F\u00e9lsz a v\u00e1ltoz\u00e1sokt\u00f3l, m\u00e9g akkor is, ha potenci\u00e1lisan pozit\u00edvak lehetn\u00e9nek? <\/li>\n\n\n\n<li>Rendszeresen ker\u00fcl\u00f6d az \u00faj kih\u00edv\u00e1sokat? <\/li>\n\n\n\n<li>Neh\u00e9z sz\u00e1modra d\u00f6nt\u00e9seket hozni, f\u00e9lelemb\u0151l, hogy hib\u00e1zol? <\/li>\n\n\n\n<li>Gyakran \u00e9rzed magadat demotiv\u00e1ltnak, m\u00e9g akkor is, ha olyan dolgokat csin\u00e1lsz, amiknek \u00f6r\u00fcln\u00f6d kellene? <\/li>\n\n\n\n<li>Gyakran h\u00e1r\u00edtod a probl\u00e9m\u00e1idat k\u00fcls\u0151 k\u00f6r\u00fclm\u00e9nyekre vagy m\u00e1s szem\u00e9lyekre? <\/li>\n\n\n\n<li>Hajlamos vagy ugyanazokat a mint\u00e1kat megism\u00e9telni a kapcsolataidban, amelyek nem hasznosak sz\u00e1modra?<\/li>\n<\/ol>\n\n\n\n<h3 class=\"wp-block-heading\">Az \u00d6nszabot\u00e1zs teszt ki\u00e9rt\u00e9kel\u00e9se<\/h3>\n\n\n\n<p>Miut\u00e1n befejezted a tesztet, sz\u00e1mold \u00f6ssze az \u201eIgen\u201d v\u00e1laszaid sz\u00e1m\u00e1t. Ez seg\u00edt meg\u00e9rteni, mennyire j\u00e1tszik szerepet az \u00f6nszabot\u00e1zs az \u00e9letedben. Tartsd azonban szem el\u0151tt, hogy ez a teszt csup\u00e1n egy els\u0151 becsl\u00e9st ny\u00fajt, \u00e9s nem helyettes\u00edti a r\u00e9szletes diagn\u00f3zist.<\/p>\n\n\n\n<ul class=\"wp-block-list\">\n<li>0-5 pont: Keveset mutatsz az \u00f6nsabot\u00e1zs jeleib\u0151l. \u00dagy t\u0171nik, j\u00f3 strat\u00e9gi\u00e1kkal rendelkezel a kih\u00edv\u00e1sok kezel\u00e9s\u00e9re. <\/li>\n\n\n\n<li>6-10 pont: Vannak ter\u00fcletek, ahol az \u00f6nsabot\u00e1zs t\u00e9ma lehet. \u00c9rdemes lehet ezeket a ter\u00fcleteket alaposabban megvizsg\u00e1lni \u00e9s sz\u00fcks\u00e9g eset\u00e9n dolgozni rajtuk. <\/li>\n\n\n\n<li>11-15 pont: A v\u00e1laszaid arra utalnak, hogy az \u00f6nsabot\u00e1zs jelent\u0151s t\u00e9ma lehet az \u00e9letedben. Fontos, hogy tudat\u00e1ban legy\u00e9l ezeknek a mint\u00e1knak, \u00e9s l\u00e9p\u00e9seket tegy\u00e9l a lek\u00fczd\u00e9s\u00fckre. Fontold meg a szakmai t\u00e1mogat\u00e1s vagy coaching ig\u00e9nybev\u00e9tel\u00e9t, hogy megt\u00f6rhesd ezeket a mint\u00e1kat \u00e9s teljesebb \u00e9letet \u00e9lhess.<\/li>\n<\/ul>\n\n\n\n<p>Ha azt tapasztalod, hogy az \u00f6nszabot\u00e1zs ism\u00e9tl\u0151d\u0151 t\u00e9ma az \u00e9letedben, \u00e9s t\u00e1mogat\u00e1st szeretn\u00e9l a kih\u00edv\u00e1sok lek\u00fczd\u00e9s\u00e9ben, sz\u00edvesen \u00e1llok rendelkez\u00e9sedre integr\u00e1l coachinggal. Coaching megk\u00f6zel\u00edt\u00e9s\u00fcnkben k\u00f6z\u00f6sen vizsg\u00e1ljuk meg \u00e9leted k\u00fcl\u00f6nb\u00f6z\u0151 aspektusait \u2013 testi, \u00e9rzelmi, ment\u00e1lis \u00e9s spiritu\u00e1lis \u2013, hogy holisztikus megold\u00e1sokat tal\u00e1ljunk.<\/p>\n\n\n\n<p>Egy els\u0151, besz\u00e9lget\u00e9sre, amely sor\u00e1n megvitathatjuk helyzetedet \u00e9s megtudhatjuk, hogyan seg\u00edthetek a legjobban, ingyenes els\u0151 konzult\u00e1ci\u00f3t k\u00edn\u00e1lok.<\/p>\n\n\n\n<p><strong><a href=\"https:\/\/monikagungl.com\/hu\/leistungen\/integral-eletmodvaltas\/#termin\" data-type=\"link\" data-id=\"https:\/\/monikagungl.com\/hu\/leistungen\/integral-eletmodvaltas\/#termin\">Itt <\/a><\/strong>jelentkezhetsz az ingyenes els\u0151 konzult\u00e1ci\u00f3ra: Els\u0151 konzult\u00e1ci\u00f3ra jelentkez\u00e9s<\/p>\n\n\n\n<p>Ez egy lehet\u0151s\u00e9g az els\u0151 l\u00e9p\u00e9sek megt\u00e9tel\u00e9re egy kiegyens\u00falyozottabb \u00e9s teljesebb \u00e9let fel\u00e9. Alig v\u00e1rom, hogy k\u00eds\u00e9rhesselek utadon.<\/p>\n\n\n\n<h2 class=\"wp-block-heading\">Tov\u00e1bbi cikkek az \u00f6nszabot\u00e1zs t\u00e9m\u00e1ban:<\/h2>\n\n\n\n<p><a href=\"https:\/\/monikagungl.com\/hu\/onszabotazs-a-kapcsolatokban\/\" data-type=\"post\" data-id=\"6473\">Kapcsolatok<\/a> \u2013 Fedezd fel, hogyan befoly\u00e1solhatja az \u00f6nszabot\u00e1zs a kapcsolataidat. Borderline \u2013 <\/p>\n\n\n\n<p>N\u00e9zz\u00fck meg, hogyan jelenik meg az <a href=\"https:\/\/monikagungl.com\/hu\/onszabotazs-es-borderline\/\" data-type=\"post\" data-id=\"6407\">\u00f6nszabot\u00e1zs a borderline<\/a> szem\u00e9lyis\u00e9gzavar eset\u00e9n. <\/p>\n\n\n\n<p><a href=\"https:\/\/monikagungl.com\/hu\/onszabotazs-fogyasban\/\" data-type=\"post\" data-id=\"6406\">Fogy\u00e1s<\/a> \u2013 \u00c9rtsd meg az \u00f6nszabot\u00e1zs szerep\u00e9t a fogy\u00f3k\u00far\u00e1s pr\u00f3b\u00e1lkoz\u00e1sok sor\u00e1n. <\/p>\n\n\n\n<p><a href=\"https:\/\/monikagungl.com\/hu\/kiut-a-trauma-okozta-onszabotazsbol\/\" data-type=\"post\" data-id=\"6409\">Trauma<\/a> \u2013 Kutassuk fel, hogyan vezethetnek a traum\u00e1k \u00f6nszabot\u00e1zshoz.<\/p>\n","protected":false},"excerpt":{"rendered":"<p>A tudattalan \u00f6nszabot\u00e1zs gyakran lg\u00e1tol minket. Egy teszt, amely seg\u00edt felismerni \u00e9s lek\u00fczdeni ezeket a mint\u00e1kat.<\/p>\n","protected":false},"author":2,"featured_media":6233,"comment_status":"open","ping_status":"closed","sticky":false,"template":"","format":"standard","meta":{"_seopress_robots_primary_cat":"none","_seopress_titles_title":"\u00d6nszabot\u00e1zs teszt: Rejtett csapd\u00e1k felismer\u00e9se \u00e9s lek\u00fczd\u00e9se","_seopress_titles_desc":"V\u00e9gezd el az \u00f6nszabot\u00e1zs tesztet, fedezd fel a tudattalan mint\u00e1kat \u00e9s bontakoztasd ki igazi potenci\u00e1lokat.","_seopress_robots_index":"","footnotes":""},"categories":[119,120,1],"tags":[],"class_list":["post-6478","post","type-post","status-publish","format-standard","has-post-thumbnail","hentry","category-business-coaching-blog-hu","category-life-coaching-ratgeber-hu","category-unkategorisiert"],"meta_box":[],"_links":{"self":[{"href":"https:\/\/monikagungl.com\/hu\/wp-json\/wp\/v2\/posts\/6478","targetHints":{"allow":["GET"]}}],"collection":[{"href":"https:\/\/monikagungl.com\/hu\/wp-json\/wp\/v2\/posts"}],"about":[{"href":"https:\/\/monikagungl.com\/hu\/wp-json\/wp\/v2\/types\/post"}],"author":[{"embeddable":true,"href":"https:\/\/monikagungl.com\/hu\/wp-json\/wp\/v2\/users\/2"}],"replies":[{"embeddable":true,"href":"https:\/\/monikagungl.com\/hu\/wp-json\/wp\/v2\/comments?post=6478"}],"version-history":[{"count":6,"href":"https:\/\/monikagungl.com\/hu\/wp-json\/wp\/v2\/posts\/6478\/revisions"}],"predecessor-version":[{"id":6510,"href":"https:\/\/monikagungl.com\/hu\/wp-json\/wp\/v2\/posts\/6478\/revisions\/6510"}],"wp:featuredmedia":[{"embeddable":true,"href":"https:\/\/monikagungl.com\/hu\/wp-json\/wp\/v2\/media\/6233"}],"wp:attachment":[{"href":"https:\/\/monikagungl.com\/hu\/wp-json\/wp\/v2\/media?parent=6478"}],"wp:term":[{"taxonomy":"category","embeddable":true,"href":"https:\/\/monikagungl.com\/hu\/wp-json\/wp\/v2\/categories?post=6478"},{"taxonomy":"post_tag","embeddable":true,"href":"https:\/\/monikagungl.com\/hu\/wp-json\/wp\/v2\/tags?post=6478"}],"curies":[{"name":"wp","href":"https:\/\/api.w.org\/{rel}","templated":true}]}}