{"id":6518,"date":"2024-01-10T22:17:02","date_gmt":"2024-01-10T21:17:02","guid":{"rendered":"https:\/\/monikagungl.com\/saftfasten-wirkungen\/"},"modified":"2024-04-07T21:11:09","modified_gmt":"2024-04-07T19:11:09","slug":"lebojtkura-hatasai","status":"publish","type":"post","link":"https:\/\/monikagungl.com\/hu\/lebojtkura-hatasai\/","title":{"rendered":"L\u00e9b\u00f6jtk\u00fara: Fedezd fel l\u00e9b\u00f6jt leny\u0171g\u00f6z\u0151 hat\u00e1sait!"},"content":{"rendered":"\n<p>A l\u00e9b\u00f6jtk\u00fara egy m\u00e9regtelen\u00edt\u0151 \u00e9s regener\u00e1l\u00f3 m\u00f3dszer, amely az ut\u00f3bbi \u00e9vekben egyre n\u00e9pszer\u0171bb\u00e9 v\u00e1lt. Ez egy id\u0151szakos b\u00f6jt, amely sor\u00e1n a szil\u00e1rd \u00e9teleket frissen pr\u00e9selt gy\u00fcm\u00f6lcs- \u00e9s z\u00f6lds\u00e9glevek v\u00e1ltj\u00e1k fel. Ez a bejegyz\u00e9s \u00e1tfog\u00f3 betekint\u00e9st ny\u00fajt a l\u00e9b\u00f6jt k\u00fara hat\u00e1s\u00e1ba, eg\u00e9szs\u00e9g\u00fcgyi el\u0151nyeibe \u00e9s lehets\u00e9ges h\u00e1tr\u00e1nyaiba.<\/p>\n\n\n\n<h2 class=\"wp-block-heading\"><strong>Mi\u00e9rt \u00e9rdemes l\u00e9b\u00f6jtk\u00far\u00e1t tartani?<\/strong><\/h2>\n\n\n\n<p>A l\u00e9b\u00f6jtk\u00fara <em>egyfajta szabads\u00e1got<\/em> ny\u00fajt a hagyom\u00e1nyos \u00e9trend korl\u00e1tai k\u00f6z\u00fcl, lehet\u0151s\u00e9get adva szervezet\u00fcnknek, hogy <em>fell\u00e9legezzen<\/em> a szil\u00e1rd t\u00e1pl\u00e1l\u00e9kok feldolgoz\u00e1s\u00e1nak folyamatos nyom\u00e1sa al\u00f3l. Nem csup\u00e1n egy m\u00e9regtelen\u00edt\u0151 m\u00f3dszer ez, hanem egy \u00fat az em\u00e9szt\u0151rendszer\u00fcnk <em>k\u00edm\u00e9l\u00e9s\u00e9hez<\/em>, egyfajta kapu egy <em>tiszt\u00e1bb<\/em>, eg\u00e9szs\u00e9gesebb \u00e9letm\u00f3d fel\u00e9.<\/p>\n\n\n\n<h2 class=\"wp-block-heading\"><strong>A l\u00e9b\u00f6jtk\u00fara hat\u00e1sa<\/strong><\/h2>\n\n\n\n<p>A l\u00e9b\u00f6jtk\u00far\u00e1nak m\u00e9lyrehat\u00f3 hat\u00e1sa van a testre. Hozz\u00e1j\u00e1rul a m\u00e9reganyagok ki\u00fcr\u00edt\u00e9s\u00e9hez, er\u0151s\u00edti az immunrendszert, \u00e9s n\u00f6veli a fizikai \u00e9s szellemi energi\u00e1t. A kiz\u00e1r\u00f3lag foly\u00e9kony t\u00e1panyagok bevitele lehet\u0151v\u00e9 teszi a test sz\u00e1m\u00e1ra, hogy a gy\u00f3gyul\u00e1si \u00e9s regener\u00e1l\u00f3d\u00e1si folyamatokra \u00f6sszpontos\u00edtson.<\/p>\n\n\n\n<ul class=\"wp-block-list\">\n<li><strong>M\u00e9regtelen\u00edt\u00e9s:<\/strong> T\u00e1mogatja a testet a toxinokt\u00f3l val\u00f3 megszabadul\u00e1sban.<\/li>\n\n\n\n<li><strong>Javul\u00f3 em\u00e9szt\u00e9s:<\/strong> Az em\u00e9szt\u0151rendszer\u00fcnknek adott pihen\u0151id\u0151 lehet\u0151s\u00e9get teremt arra, hogy meg\u00fajuljon \u00e9s hat\u00e9konyabban l\u00e1ssa el feladat\u00e1t. Ez a folyamat nem csak az em\u00e9szt\u0151rendszer\u00fcnk regener\u00e1l\u00f3d\u00e1s\u00e1t t\u00e1mogatja, hanem a t\u00e1panyagok feldolgoz\u00e1s\u00e1nak \u00e9s felsz\u00edv\u00f3d\u00e1s\u00e1nak jav\u00edt\u00e1s\u00e1val is hozz\u00e1j\u00e1rul eg\u00e9szs\u00e9g\u00fcnk \u00e1ltal\u00e1nos javul\u00e1s\u00e1hoz.<\/li>\n\n\n\n<li><strong>Megn\u00f6vekedett energia:<\/strong> Sokan sz\u00e1molnak be energiaszintj\u00fck emelked\u00e9s\u00e9r\u0151l a b\u00f6jt alatt \u00e9s ut\u00e1na.<\/li>\n\n\n\n<li><strong>Tiszta b\u0151r: <\/strong>A vitaminok \u00e9s \u00e1sv\u00e1nyi anyagok magas bevitel\u00e9vel eg\u00e9szs\u00e9gesebb, tiszt\u00e1bb, sim\u00e1bb lesz a b\u0151r\u00fcnk.<\/li>\n\n\n\n<li><strong>L\u00e9b\u00f6jtk\u00fara \u00e9s az anyagcsere<\/strong><\/li>\n\n\n\n<li>A l\u00e9b\u00f6jtk\u00fara <strong>lehet\u0151s\u00e9get ad az em\u00e9szt\u0151szerveknek a pihen\u00e9sre<\/strong> \u00e9s \u00fagy m\u0171k\u00f6dik, mint egy \u00fajraind\u00edt\u00f3 gomb a test sz\u00e1m\u00e1ra. Ez <strong>a pihen\u0151 id\u0151szak szab\u00e1lyoz\u00f3 hat\u00e1ssal lehet a v\u00e9rnyom\u00e1sra<\/strong> \u00e9s az <strong>inzulinrezisztenci\u00e1ra<\/strong>, \u00edgy <strong>fontos szerepet j\u00e1tszhat a 2-es t\u00edpus\u00fa cukorbetegs\u00e9g megel\u0151z\u00e9s\u00e9ben \u00e9s kezel\u00e9s\u00e9ben.<\/strong><\/li>\n\n\n\n<li><strong>Kr\u00f3nikus betegs\u00e9gek megel\u0151z\u00e9se l\u00e9b\u00f6jtk\u00far\u00e1val<\/strong><\/li>\n\n\n\n<li><strong>Egyre t\u00f6bb bizony\u00edt\u00e9k van arra, hogy a b\u00f6jtnek megel\u0151z\u0151 \u00e9s ter\u00e1pi\u00e1s hat\u00e1sai vannak k\u00fcl\u00f6nb\u00f6z\u0151 kr\u00f3nikus betegs\u00e9gekre, mint az arthritis, a reuma \u00e9s a magas v\u00e9rnyom\u00e1s. \u00dajabb kutat\u00e1sok szerint a b\u00f6jt enyh\u00edtheti a kemoter\u00e1pi\u00e1k mell\u00e9khat\u00e1sait (Forr\u00e1s: [Nemzeti R\u00e1kkutat\u00f3 Int\u00e9zet]).<\/strong><\/li>\n\n\n\n<li><strong>A l\u00e9b\u00f6jtk\u00fara pszichol\u00f3giai hat\u00e1sai<\/strong><\/li>\n\n\n\n<li>Sokan, akik l\u00e9b\u00f6jtk\u00far\u00e1t tartanak,<strong> jobb hangulatr\u00f3l \u00e9s n\u00f6vekedett j\u00f3ll\u00e9tr\u0151l <\/strong>sz\u00e1molnak be. Ezt r\u00e9szben a szerotonin, az \u00fagynevezett \u201eboldogs\u00e1ghormon\u201d fokozott felszabadul\u00e1s\u00e1val magyar\u00e1zz\u00e1k, ami a b\u00f6jt alatt megn\u0151 (Forr\u00e1s: [Neuroscience &amp; Biobehavioral Reviews]).<\/li>\n\n\n\n<li><strong>Hossz\u00fa t\u00e1v\u00fa v\u00e1ltoz\u00e1sok az \u00e9tkez\u00e9si tudatoss\u00e1gban<\/strong><\/li>\n\n\n\n<li>A l\u00e9b\u00f6jtk\u00fara azonnali hat\u00e1sain t\u00falmen\u0151en hossz\u00fa t\u00e1von is \u00e9les\u00edtheti az \u00e9tkez\u00e9si tudatoss\u00e1got. Sokan arr\u00f3l sz\u00e1molnak be, hogy <strong>az eg\u00e9szs\u00e9gtelen \u00e9telek, mint a zs\u00edros, s\u00f3s \u00e9s \u00e9des \u00e9telek ir\u00e1nti v\u00e1gyuk a b\u00f6jt ut\u00e1n cs\u00f6kken, mik\u00f6zben az eg\u00e9szs\u00e9ges, kiegyens\u00falyozott t\u00e1pl\u00e1lkoz\u00e1s ir\u00e1nti \u00e9rdekl\u0151d\u00e9s n\u0151.<\/strong><\/li>\n\n\n\n<li>L\u00e9b\u00f6jtk\u00fara \u2013 <strong>Az eg\u00e9szs\u00e9gesebb \u00e9n fel\u00e9 vezet\u0151 \u00fat<\/strong><\/li>\n\n\n\n<li>A<strong> l\u00e9b\u00f6jtk\u00fara <\/strong>gyakorlata t\u00f6bb mint csak egy ideiglenes di\u00e9ta; egy \u00fat a<strong> test m\u00e9regtelen\u00edt\u00e9s\u00e9re, az elme tiszt\u00edt\u00e1s\u00e1ra, \u00e9s az eg\u00e9szs\u00e9ges t\u00e1pl\u00e1lkoz\u00e1s \u00e9s \u00e9letm\u00f3d ir\u00e1nti \u00faj meg\u00e9rt\u00e9s kialak\u00edt\u00e1s\u00e1ra. <\/strong>Ez egy \u00e1talakul\u00e1st hoz\u00f3 \u00e9lm\u00e9ny lehet, ami <strong>tart\u00f3s v\u00e1ltoz\u00e1shoz vezet.<\/strong><\/li>\n\n\n\n<li>A<strong> l\u00e9b\u00f6jtk\u00far\u00e1val lehet\u0151s\u00e9get adsz a testednek, hogy \u00f6ngy\u00f3gy\u00edt\u00f3 \u00e9s regener\u00e1l\u00f3d\u00f3 folyamatokat v\u00e9gezzen.<\/strong> Ez egy er\u0151teljes m\u00f3dszer, amely nem csak a fizikai, hanem a pszichol\u00f3giai eg\u00e9szs\u00e9gedet is jav\u00edtani tudja, \u00e9s egy tudatosabb, eg\u00e9szs\u00e9gesebb \u00e9letm\u00f3d fel\u00e9 vezet\u0151 utat k\u00edn\u00e1l.<\/li>\n\n\n\n<li><strong>Sejtmeg\u00fajul\u00e1s \u00e9s fiatalod\u00e1s l\u00e9b\u00f6jtk\u00far\u00e1val<\/strong><\/li>\n\n\n\n<li>A l\u00e9b\u00f6jtk\u00fara egyik legkiemelked\u0151bb eredm\u00e9nye a <strong>sejtmeg\u00fajul\u00e1s el\u0151seg\u00edt\u00e9se<\/strong>. Ez a folyamat, gyakran autoph\u00e1giak\u00e9nt ismert, k<strong>ulcsfontoss\u00e1g\u00fa szerepet j\u00e1tszik a s\u00e9r\u00fclt sejtek elt\u00e1vol\u00edt\u00e1s\u00e1ban \u00e9s \u00faj, eg\u00e9szs\u00e9ges sejtek k\u00e9pz\u0151d\u00e9s\u00e9ben. Ez a sejtszint\u0171 meg\u00fajul\u00e1s l\u00e1that\u00f3 fiatalod\u00e1st eredm\u00e9nyezhet a testben<\/strong>, ami nem csak a javult \u00e1ltal\u00e1nos j\u00f3ll\u00e9tben, de az \u00f6reged\u00e9s jeleinek l\u00e1that\u00f3 cs\u00f6kken\u00e9s\u00e9ben is megmutatkozik (Forr\u00e1s: [Cell Metabolism Journal]).<\/li>\n\n\n\n<li><strong>L\u00e9b\u00f6jtk\u00fara a tiszta \u00e9s eg\u00e9szs\u00e9ges b\u0151r\u00e9rt<\/strong><\/li>\n\n\n\n<li>A l\u00e9b\u00f6jtk\u00fara egy m\u00e1sik figyelemre m\u00e9lt\u00f3 hat\u00e1sa <strong>a b\u0151r eg\u00e9szs\u00e9g\u00e9nek jav\u00edt\u00e1sa<\/strong>. A gy\u00fcm\u00f6lcs- \u00e9s z\u00f6lds\u00e9glevek magas vitamin, \u00e1sv\u00e1nyi anyag \u00e9s antioxid\u00e1ns tartalma <strong>tiszt\u00e1bb, ragyog\u00f3bb b\u0151rt <\/strong>eredm\u00e9nyezhet. Sok b\u00f6jt\u00f6l\u0151 arr\u00f3l sz\u00e1mol be, hogy <strong>a b\u0151rprobl\u00e9m\u00e1k, mint az akne vagy az ekc\u00e9ma, cs\u00f6kkennek. <\/strong>Ez val\u00f3sz\u00edn\u0171leg a m\u00e9regtelen\u00edt\u0151 hat\u00e1soknak \u00e9s a javult hidrat\u00e1ci\u00f3nak k\u00f6sz\u00f6nhet\u0151 (Forr\u00e1s: [Dermatology Journal]).<\/li>\n\n\n\n<li><strong>Bels\u0151 b\u00e9ke \u00e9s nyugalom a l\u00e9b\u00f6jtk\u00fara eredm\u00e9nyek\u00e9nt<\/strong><\/li>\n\n\n\n<li>A testi el\u0151ny\u00f6k\u00f6n t\u00fal a <strong>l\u00e9b\u00f6jtk\u00far\u00e1nak jelent\u0151s hat\u00e1sa van a szellemre is. El\u0151seg\u00edti a nyugalmat \u00e9s a b\u00e9kess\u00e9get. <\/strong>Sok b\u00f6jt\u00f6l\u0151 arr\u00f3l sz\u00e1mol be, hogy a b\u00f6jt alatt <strong>\u00e9rzelmileg kiegyens\u00falyozottabbak <\/strong>\u00e9s <strong>ment\u00e1lisan tiszt\u00e1bbak<\/strong>. Ez a ment\u00e1lis tisztas\u00e1g pozit\u00edvan befoly\u00e1solhatja az \u00e1ltal\u00e1nos stresszszintet \u00e9s n\u00f6velheti a bels\u0151 b\u00e9ke \u00e9rz\u00e9s\u00e9t.<\/li>\n\n\n\n<li><strong>L\u00e9b\u00f6jtk\u00fara mint a holisztikus eg\u00e9szs\u00e9g \u00fatja<\/strong><\/li>\n\n\n\n<li>\u00d6sszefoglalva, <strong>a l\u00e9b\u00f6jtk\u00fara egy holisztikus m\u00f3dszer, amely messze t\u00falmutat a m\u00e9regtelen\u00edt\u00e9sen<\/strong>. Ez <strong>egy \u00e1talak\u00edt\u00f3 \u00e9lm\u00e9ny, amely meg\u00faj\u00edtja \u00e9s meger\u0151s\u00edti mind a testet, mind a lelket<\/strong>. A l\u00e9b\u00f6jtk\u00fara gyakorl\u00e1sa egy <strong>\u00f6nmegismer\u00e9si \u00e9s \u00f6nmegval\u00f3s\u00edt\u00e1si \u00fat, ami tart\u00f3s \u00e9letm\u00f3dbeli \u00e9s eg\u00e9szs\u00e9g\u00fcgyi v\u00e1ltoz\u00e1sokhoz vezethet.<\/strong><\/li>\n<\/ul>\n\n\n\n<figure class=\"wp-block-gallery has-nested-images columns-default is-cropped wp-block-gallery-1 is-layout-flex wp-block-gallery-is-layout-flex\">\n<figure class=\"wp-block-image size-large\"><img loading=\"lazy\" decoding=\"async\" width=\"1000\" height=\"667\" data-id=\"6255\" src=\"https:\/\/monikagungl.com\/wp-content\/uploads\/saftfasten-macht-geschaeftsfuehrer.webp\" alt=\"lebojtkura-hatasai-lebojtkurat-tart -egy-uzletember\" class=\"wp-image-6255\" srcset=\"https:\/\/monikagungl.com\/wp-content\/uploads\/saftfasten-macht-geschaeftsfuehrer.webp 1000w, https:\/\/monikagungl.com\/wp-content\/uploads\/saftfasten-macht-geschaeftsfuehrer-960x640.webp 960w, https:\/\/monikagungl.com\/wp-content\/uploads\/saftfasten-macht-geschaeftsfuehrer-768x512.webp 768w, https:\/\/monikagungl.com\/wp-content\/uploads\/saftfasten-macht-geschaeftsfuehrer-600x400.webp 600w\" sizes=\"auto, (max-width: 1000px) 100vw, 1000px\" \/><\/figure>\n<\/figure>\n\n\n\n<h2 class=\"wp-block-heading\"><strong>A l\u00e9b\u00f6jtk\u00fara el\u0151nyei:<\/strong><\/h2>\n\n\n\n<ul class=\"wp-block-list\">\n<li><strong>T\u00e1panyagok bevitel: <\/strong>A l\u00e9b\u00f6jtk\u00fara k\u00f6nnyen em\u00e9szthet\u0151 t\u00e1panyagokkal l\u00e1tja el a testet. <\/li>\n\n\n\n<li><strong><strong>B\u00f6jtinduk\u00e1lta Metabolizmus:<\/strong> <\/strong>A b\u00f6jt alatti id\u0151szak alatt test\u00fcnk \u00e1tv\u00e1lt egy hat\u00e9konyabb anyagcsere \u00fczemm\u00f3dra, kiakn\u00e1zva ezt az alkalmat a bels\u0151 m\u0171k\u00f6d\u00e9s\u00e9nek finomhangol\u00e1s\u00e1ra. Ez a v\u00e1ltoz\u00e1s lehet\u0151v\u00e9 teszi a szervezet sz\u00e1m\u00e1ra, hogy optimaliz\u00e1lt er\u0151forr\u00e1s-gazd\u00e1lkod\u00e1ssal reag\u00e1ljon, fokozva ezzel a bels\u0151 tisztul\u00e1si \u00e9s regener\u00e1l\u00f3d\u00e1si folyamatokat.<\/li>\n\n\n\n<li><strong>Eg\u00e9szs\u00e9g\u00fcgyi hat\u00e1sok: <\/strong>A tanulm\u00e1nyok k\u00fcl\u00f6nb\u00f6z\u0151 pozit\u00edv eg\u00e9szs\u00e9g\u00fcgyi hat\u00e1sokat mutatnak. <\/li>\n\n\n\n<li><strong>Sejtregener\u00e1l\u00f3d\u00e1s aktiv\u00e1l\u00e1sa: <\/strong>T\u00e1mogathatja a sejtregener\u00e1ci\u00f3t. <\/li>\n\n\n\n<li><strong>V\u00e9rcukor- \u00e9s koleszterinszint jav\u00edt\u00e1sa: <\/strong>El\u0151seg\u00edtheti az eg\u00e9szs\u00e9ges v\u00e9rcukor- \u00e9s koleszterinszintet.<\/li>\n\n\n\n<li><strong>V\u00e9rnyom\u00e1scs\u00f6kkent\u00e9s:<\/strong> Hozz\u00e1j\u00e1rulhat a v\u00e9rnyom\u00e1s cs\u00f6kkent\u00e9s\u00e9hez. <\/li>\n\n\n\n<li><strong><strong>Bioakt\u00edv Anyagok Gazdags\u00e1ga:<\/strong> <\/strong>A frissen pr\u00e9selt levek igazi t\u00e1rh\u00e1za a magas koncentr\u00e1ci\u00f3j\u00fa bioakt\u00edv anyagoknak, amelyek \u00e9ltet\u0151 er\u0151vel b\u00edrnak. Ez a t\u00e1pl\u00e1l\u00f3 esszencia kulcsszerepet j\u00e1tszik a test\u00fcnk m\u00e9regtelen\u00edt\u00e9s\u00e9ben, t\u00e1mogatva az eg\u00e9szs\u00e9g\u00fcnk \u00e9s vitalit\u00e1sunk meg\u0151rz\u00e9s\u00e9t.<\/li>\n<\/ul>\n\n\n\n<h2 class=\"wp-block-heading\"><strong>A l\u00e9b\u00f6jt h\u00e1tr\u00e1nyai<\/strong><\/h2>\n\n\n\n<ul class=\"wp-block-list\">\n<li><strong>Kevesebb rost:<\/strong> A levek kevesebb rostot tartalmaznak, mint a teljes gy\u00fcm\u00f6lcs\u00f6k. <\/li>\n\n\n\n<li><strong>Hi\u00e1nyz\u00f3 zs\u00edrban old\u00f3d\u00f3 vitaminok:<\/strong> Egyes vitaminok kev\u00e9sb\u00e9 jelennek meg a levekben. <\/li>\n\n\n\n<li><strong>Izomt\u00f6meg cs\u00f6kken\u00e9se:<\/strong> Hosszabb b\u00f6jt eset\u00e9n izomt\u00f6meg cs\u00f6kkenhet.<\/li>\n<\/ul>\n\n\n\n<p>A l\u00e9b\u00f6jtk\u00fara h\u00e1tr\u00e1nyai, mint a kevesebb rost \u00e9s bizonyos zs\u00edrban old\u00f3d\u00f3 vitaminok cs\u00f6kken\u00e9se, valamint az izomt\u00f6meg cs\u00f6kken\u00e9se, \u00e1ltal\u00e1ban csak hosszabb t\u00e1v\u00fa b\u00f6jtn\u00e9l jelentkeznek \u00e9s \u00e1tmeneti jelleg\u0171ek. Az izomt\u00f6meg meg\u0151riz\u00e9se \u00e9rdek\u00e9ben a l\u00e9b\u00f6jt alatt k\u00fcl\u00f6n\u00f6sen aj\u00e1nlott a napi mozg\u00e1s \u00e9s s\u00falyz\u00f3z\u00e1s, amely seg\u00edt fenntartani az izomer\u0151t \u00e9s t\u00e1mogatja a test \u00e1ltal\u00e1nos j\u00f3ll\u00e9t\u00e9t, mik\u00f6zben \u00e9lvezz\u00fck a b\u00f6jt sz\u00e1mos egy\u00e9b el\u0151ny\u00e9t. Fontos azonban kiemelni, hogy a l\u00e9b\u00f6jtk\u00fara j\u00f3t\u00e9kony hat\u00e1sai, mint a m\u00e9regtelen\u00edt\u00e9s, az energiaszint n\u00f6veked\u00e9se \u00e9s az \u00e1ltal\u00e1nos eg\u00e9szs\u00e9g javul\u00e1sa, sokkal fontosabbak, mint ezek a r\u00f6vid t\u00e1v\u00fa kih\u00edv\u00e1sok, \u00edgy nem \u00e9rdemes ezek miatt lemondani a b\u00f6jtr\u0151l \u00e9s annak hossz\u00fa t\u00e1v\u00fa el\u0151nyeir\u0151l.<\/p>\n\n\n\n<h2 class=\"wp-block-heading\"><strong>Kinek aj\u00e1nlott a l\u00e9b\u00f6jtk\u00fara?<\/strong><\/h2>\n\n\n\n<p>A l\u00e9b\u00f6jtk\u00fara \u00e1ltal\u00e1ban eg\u00e9szs\u00e9ges feln\u0151ttek sz\u00e1m\u00e1ra aj\u00e1nlott. M\u00e1r megl\u00e9v\u0151 betegs\u00e9gek vagy eg\u00e9szs\u00e9g\u00fcgyi probl\u00e9m\u00e1k eset\u00e9n azonban a l\u00e9b\u00f6jtk\u00fara megkezd\u00e9se el\u0151tt k\u00e9rd ki orvosod tan\u00e1cs\u00e1t.<\/p>\n\n\n\n<h2 class=\"wp-block-heading\"><strong>Mennyi ideig kell a l\u00e9b\u00f6jtk\u00far\u00e1nak tartania?<\/strong><\/h2>\n\n\n\n<p>A l\u00e9b\u00f6jtk\u00fara id\u0151tartama nagym\u00e9rt\u00e9kben v\u00e1ltozhat, \u00e9s f\u00fcgg az egy\u00e9ni c\u00e9lokt\u00f3l, tests\u00falyt\u00f3l \u00e9s a kor\u00e1bbi b\u00f6jttapasztalatokt\u00f3l. Lehets\u00e9ges csak egy napig b\u00f6jt\u00f6lni, de egyes programok ak\u00e1r h\u00e1rom h\u00e9tig is tarthatnak. Ha m\u00e9g sosem b\u00f6jt\u00f6lt\u00e9l, aj\u00e1nlott egy r\u00f6videbb ideig tart\u00f3 l\u00e9b\u00f6jttel, maximum egy h\u00e9ttel kezdeni. \u00cdgy a tested hozz\u00e1 tud szokni az \u00faj \u00e9lm\u00e9nyhez an\u00e9lk\u00fcl, hogy t\u00falterheln\u00e9d.<\/p>\n\n\n\n<h2 class=\"wp-block-heading\"><strong>Mikor a legjobb id\u0151pont a l\u00e9b\u00f6jtk\u00far\u00e1ra?<\/strong><\/h2>\n\n\n\n<p>Alapvet\u0151en b\u00e1rmikor b\u00f6jt\u00f6lhetsz, amikor sz\u00e1modra a legnyugodtabb \u00e9s legkev\u00e9sb\u00e9 stresszes. Fontos, hogy olyan id\u0151szakot v\u00e1lassz, amikor pihenhetsz \u00e9s \u00f6sszpontos\u00edthatsz a folyamatra an\u00e9lk\u00fcl, hogy az mindennapi k\u00f6telezetts\u00e9geid eltereln\u00e9k a figyelmedet.<\/p>\n\n\n\n<p>\u00c9rdekes megfontol\u00e1s lehet a b\u00f6jt\u00f6l\u00e9s a holdnapt\u00e1r szerinti be\u00e1ll\u00edt\u00e1sa. Sokan \u00fagy tal\u00e1lj\u00e1k, hogy a l\u00e9b\u00f6jtk\u00fara k\u00fcl\u00f6n\u00f6sen hat\u00e9kony a fogy\u00f3 hold idej\u00e9n (teh\u00e1t a telihold ut\u00e1ni id\u0151szakt\u00f3l az \u00fajholdig). Azt felt\u00e9telezik, hogy ez az id\u0151szak er\u0151sebb m\u00e9regtelen\u00edt\u0151 hat\u00e1ssal b\u00edr, \u00e9s t\u00e1mogathatja a b\u00f6jti folyamatot.<\/p>\n\n\n\n<p class=\"has-vivid-purple-color has-text-color has-link-color wp-elements-2f60cab7cb497534fe2bb08224f01fba\"><em>A kereszt\u00e9nyek hagyom\u00e1nyos b\u00f6jt\u00f6l\u00e9si ideje 2024-ben hamvaz\u00f3szerd\u00e1n, febru\u00e1r 14-\u00e9n kezd\u0151dik, \u00e9s 40 napig tart m\u00e1rcius 25-ig.<\/em><\/p>\n\n\n\n<h2 class=\"wp-block-heading\">A l\u00e9b\u00f6jtk\u00fara alatt fell\u00e9p\u0151 gyakori t\u00fcnetek<\/h2>\n\n\n\n<p>A l\u00e9b\u00f6jtk\u00fara sor\u00e1n sz\u00e1mos mell\u00e9khat\u00e1s jelentkezhet, ahogy a tested elkezdi a m\u00e9regtelen\u00edt\u00e9st \u00e9s az \u00e1t\u00e1ll\u00e1st. Itt van n\u00e9h\u00e1ny gyakori t\u00fcnet \u00e9s tippek, hogyan kezelheted \u0151ket:<\/p>\n\n\n\n<ol class=\"wp-block-list\">\n<li><strong>F\u00e1radts\u00e1g \u00e9s energiaveszt\u00e9s:<\/strong> Norm\u00e1lis, ha az els\u0151 napokban f\u00e1radtnak \u00e9rzed magad. A tested alkalmazkodik a megv\u00e1ltozott energiabevitelhez.<strong> Tipp: <\/strong>Adj a testednek elegend\u0151 id\u0151t a pihen\u00e9sre. Pr\u00f3b\u00e1ld meg nyugodtabb\u00e1 tenni a mindennapjaidat, \u00e9s biztos\u00edts magadnak elegend\u0151 alv\u00e1st.<\/li>\n\n\n\n<li><strong>Fejf\u00e1j\u00e1s:<\/strong> Ez az elvon\u00e1si t\u00fcneteknek, k\u00fcl\u00f6n\u00f6sen a koffeinnak tulajdon\u00edthat\u00f3. <strong>Tipp:<\/strong> Igy\u00e1l sok vizet a fejf\u00e1j\u00e1s enyh\u00edt\u00e9s\u00e9re. Ker\u00fcld a stresszes tev\u00e9kenys\u00e9geket.<\/li>\n\n\n\n<li><strong>Em\u00e9szt\u00e9si probl\u00e9m\u00e1k: <\/strong>Felf\u00fav\u00f3d\u00e1s vagy a sz\u00e9klet\u00fcr\u00edt\u00e9s v\u00e1ltoz\u00e1sai lehets\u00e9gesek. <strong>Tipp:<\/strong> Igy\u00e1l lassan \u00e9s kis kortyokban. \u00dcgyelj arra, hogy a leveid j\u00f3 egyens\u00falyt k\u00e9pezzenek gy\u00fcm\u00f6lcs\u00f6k \u00e9s z\u00f6lds\u00e9gek k\u00f6z\u00f6tt.<\/li>\n\n\n\n<li><strong>\u00c9hs\u00e9g\u00e9rzet: <\/strong>Er\u0151s v\u00e1gyat \u00e9rezhetsz bizonyos \u00e9telek ir\u00e1nt. <strong>Tipp:<\/strong> Maradj f\u00f3kusz\u00e1lt, \u00e9s eml\u00e9kezz a b\u00f6jti c\u00e9ljaidra. Az elterel\u00e9s itt nagyon hasznos lehet.<\/li>\n\n\n\n<li><strong>Irrit\u00e1ci\u00f3 \u00e9s hangulatingadoz\u00e1sok: <\/strong>A hormon\u00e1lis v\u00e1ltoz\u00e1sok hangulatv\u00e1ltoz\u00e1sokhoz vezethetnek. <strong>Tipp: <\/strong>Engedj meg magadnak pihentet\u0151 tev\u00e9kenys\u00e9geket, mint p\u00e9ld\u00e1ul s\u00e9t\u00e1k vagy k\u00f6nny\u0171 j\u00f3ga gyakorlatok.<\/li>\n<\/ol>\n\n\n\n<h3 class=\"wp-block-heading\"><strong>B\u00f6jti t\u00fcnetek kezel\u00e9se<\/strong><\/h3>\n\n\n\n<p>Fontos, hogy figyelj a testedre \u00e9s adj neki id\u0151t az alkalmazkod\u00e1sra. Ha a t\u00fcnetek t\u00fal er\u0151sek lesnn\u00e9nek, hagyd abba a b\u00f6jt\u00f6t vagy fordulj orvoshoz. Eml\u00e9kezz arra, hogy a l\u00e9b\u00f6jtk\u00fara intenz\u00edv \u00e9lm\u00e9ny lehet, \u00e9s teljesen norm\u00e1lis, ha van egy alkalmazkod\u00e1si f\u00e1zis.<\/p>\n\n\n\n<h2 class=\"wp-block-heading\"><strong><strong>Megfelel\u0151 sz\u00e1modra a l\u00e9b\u00f6jtk\u00fara?<\/strong><\/strong><\/h2>\n\n\n\n<p>Ha k\u00edv\u00e1ncsi vagy, hogy a l\u00e9b\u00f6jtk\u00fara hogyan illeszkedhet a szem\u00e9lyes eg\u00e9szs\u00e9g\u00fcgyi terveidhez, aj\u00e1nlom, hogy vess egy pillant\u00e1st a speci\u00e1lisan kialak\u00edtott tesztemre. Ezen teszt c\u00e9lja, hogy \u00e1tfog\u00f3 k\u00e9pet adjon arr\u00f3l, mennyire lehet ide\u00e1lis a l\u00e9b\u00f6jtk\u00fara a saj\u00e1t egyedi sz\u00fcks\u00e9gleteid \u00e9s c\u00e9ljaid figyelembev\u00e9tel\u00e9vel. <a href=\"https:\/\/monikagungl.com\/hu\/lebojt-teszt\/\" data-type=\"post\" data-id=\"6517\">Kattints ide, hogy elv\u00e9gezd a tesztet <\/a>\u00e9s tov\u00e1bbi hasznos inform\u00e1ci\u00f3khoz juss!<\/p>\n\n\n\n<h2 class=\"wp-block-heading\"><strong>\u00dat egy eg\u00e9szs\u00e9gesebb \u00e9let fel\u00e9<\/strong><\/h2>\n\n\n\n<p>K\u00e9szen \u00e1llsz egy m\u00e9lyrehat\u00f3 v\u00e1ltoz\u00e1sra az \u00e9letedben? Fedezd fel a gondosan \u00f6ssze\u00e1ll\u00edtott b\u00f6jti programjaimat, amelyek testnek \u00e9s l\u00e9leknek egyar\u00e1nt meg\u00fajul\u00e1st ny\u00fajtanak. V\u00e1laszd ki a neked legmegfelel\u0151bb m\u00e9regtelen\u00edt\u0151 programomat, haszn\u00e1ld ki most ezt az \u00e9rt\u00e9kes lehet\u0151s\u00e9get, hogy ezeket a b\u00f6jt programokat exkluz\u00edv \u00e1ron szerezd be. Tedd meg az els\u0151 l\u00e9p\u00e9seket egy eg\u00e9szs\u00e9gesebb \u00e9let fel\u00e9 most!<\/p>\n\n\n\n<ol class=\"wp-block-list\">\n<li><strong>L\u00e9b\u00f6jtk\u00fara program: <\/strong>Fedezd fel a l\u00e9b\u00f6jtk\u00fara tiszt\u00edt\u00f3 erej\u00e9t. Szerezd meg a programot<a href=\"https:\/\/monikagungl.com\/hu\/produkt\/7-tage-saftfasten\/\" data-type=\"product\" data-id=\"5914\"> itt.<\/a><\/li>\n\n\n\n<li><strong>10 napos Smoothie kih\u00edv\u00e1s:<\/strong> \u00c9rezd a smoothie-k \u00e9l\u00e9nk\u00edt\u0151 hat\u00e1s\u00e1t. Kezdd el a kih\u00edv\u00e1sodat itt. <a href=\"https:\/\/monikagungl.com\/hu\/produkt\/10-tage-smoothie-challenge\/\" data-type=\"product\" data-id=\"5908\">10 napos smoothie kih\u00edv\u00e1s<\/a>: Tapasztald meg a nyers\u00e9tel-alap\u00fa \u00e9trend el\u0151nyeit.<\/li>\n\n\n\n<li><strong>21 napos Nyers\u00e9tel Kih\u00edv\u00e1s:<\/strong> M\u00e9regtelen\u00edt\u00e9s, Fogy\u00e1s, J\u00f3ll\u00e9t. <a href=\"https:\/\/monikagungl.com\/hu\/produkt\/21-tage-rohkost-challenge\/\" data-type=\"product\" data-id=\"5876\">Kezdd el a kih\u00edv\u00e1st itt.<\/a><\/li>\n<\/ol>\n\n\n\n<h2 class=\"wp-block-heading\">K\u00fcl\u00f6nleges csomagaj\u00e1nlat \u00e9s szem\u00e9lyre szabott coaching<\/h2>\n\n\n\n<p>K\u00edn\u00e1lok tov\u00e1bb\u00e1 egy <a href=\"https:\/\/monikagungl.com\/hu\/produkt\/premium-transformation-paket\/\" data-type=\"product\" data-id=\"6019\">k\u00fcl\u00f6nleges csomagaj\u00e1nlatot,<\/a> amely mag\u00e1ban foglalja mindh\u00e1rom programot kedvezm\u00e9nyes \u00e1ron. Ez nagyszer\u0171 lehet\u0151s\u00e9g k\u00fcl\u00f6nb\u00f6z\u0151 testtiszt\u00edt\u00f3 m\u00f3dszereket kipr\u00f3b\u00e1lni.<\/p>\n\n\n\n<p>Emellett szem\u00e9lyes coachingot is ny\u00fajtok, hogy t\u00e1mogassalak az utadon.<a href=\"https:\/\/monikagungl.com\/hu\/leistungen\/integral-eletmodvaltas\/#termin\" data-type=\"link\" data-id=\"https:\/\/monikagungl.com\/hu\/leistungen\/integral-eletmodvaltas\/#termin\"> Foglalj le most egy <strong>ingyenes els\u0151 konzult\u00e1ci\u00f3t<\/strong><\/a><strong>,<\/strong> hogy megtudd, hogyan seg\u00edthetek neked.<\/p>\n","protected":false},"excerpt":{"rendered":"<p>Ismerd meg a l\u00e9b\u00f6jtk\u00fara el\u0151nyeit: m\u00e9regtelen\u00edt, energiz\u00e1l, \u00e9s ragyog\u00f3 b\u0151rt biztos\u00edt. Eg\u00e9szs\u00e9gesebb \u00e9letm\u00f3d itt kezd\u0151dik.<\/p>\n","protected":false},"author":2,"featured_media":6258,"comment_status":"open","ping_status":"closed","sticky":false,"template":"","format":"standard","meta":{"_seopress_robots_primary_cat":"none","_seopress_titles_title":"L\u00e9b\u00f6jtk\u00fara: Fedezd fel leny\u0171g\u00f6z\u0151 hat\u00e1sait!","_seopress_titles_desc":"Tudd meg, hogyan m\u00e9regtelen\u00edti a l\u00e9b\u00f6jtk\u00fara a tested \u00e9s jav\u00edtja az eg\u00e9szs\u00e9ged. Egy \u00e1tfog\u00f3 \u00fatmutat\u00f3.","_seopress_robots_index":"","footnotes":""},"categories":[113,114,115,116,1],"tags":[],"class_list":["post-6518","post","type-post","status-publish","format-standard","has-post-thumbnail","hentry","category-abnehmen-tipps-hu","category-ernaehrungsberatung-blog-hu","category-fasten-detox-hu","category-rohkost-hu","category-unkategorisiert"],"meta_box":[],"_links":{"self":[{"href":"https:\/\/monikagungl.com\/hu\/wp-json\/wp\/v2\/posts\/6518","targetHints":{"allow":["GET"]}}],"collection":[{"href":"https:\/\/monikagungl.com\/hu\/wp-json\/wp\/v2\/posts"}],"about":[{"href":"https:\/\/monikagungl.com\/hu\/wp-json\/wp\/v2\/types\/post"}],"author":[{"embeddable":true,"href":"https:\/\/monikagungl.com\/hu\/wp-json\/wp\/v2\/users\/2"}],"replies":[{"embeddable":true,"href":"https:\/\/monikagungl.com\/hu\/wp-json\/wp\/v2\/comments?post=6518"}],"version-history":[{"count":3,"href":"https:\/\/monikagungl.com\/hu\/wp-json\/wp\/v2\/posts\/6518\/revisions"}],"predecessor-version":[{"id":6534,"href":"https:\/\/monikagungl.com\/hu\/wp-json\/wp\/v2\/posts\/6518\/revisions\/6534"}],"wp:featuredmedia":[{"embeddable":true,"href":"https:\/\/monikagungl.com\/hu\/wp-json\/wp\/v2\/media\/6258"}],"wp:attachment":[{"href":"https:\/\/monikagungl.com\/hu\/wp-json\/wp\/v2\/media?parent=6518"}],"wp:term":[{"taxonomy":"category","embeddable":true,"href":"https:\/\/monikagungl.com\/hu\/wp-json\/wp\/v2\/categories?post=6518"},{"taxonomy":"post_tag","embeddable":true,"href":"https:\/\/monikagungl.com\/hu\/wp-json\/wp\/v2\/tags?post=6518"}],"curies":[{"name":"wp","href":"https:\/\/api.w.org\/{rel}","templated":true}]}}