{"id":6535,"date":"2024-08-07T22:53:32","date_gmt":"2024-08-07T20:53:32","guid":{"rendered":"https:\/\/monikagungl.com\/saftfasten-plan-3-tage\/"},"modified":"2024-04-07T22:44:06","modified_gmt":"2024-04-07T20:44:06","slug":"lebojtkura-terv-3-nap","status":"publish","type":"post","link":"https:\/\/monikagungl.com\/hu\/lebojtkura-terv-3-nap\/","title":{"rendered":"L\u00e9b\u00f6jtk\u00fara Terv Kezd\u0151knek: H\u00e1rom Nap A Meg\u00fajul\u00e1s\u00e9rt"},"content":{"rendered":"\n<h2 class=\"wp-block-heading\">Bevezet\u00e9s a 3 napos l\u00e9b\u00f6jtk\u00far\u00e1ba<\/h2>\n\n\n\n<p><strong>A l\u00e9b\u00f6jtk\u00fara egy hat\u00e9kony m\u00f3dszer a szervezeted m\u00e9regtelen\u00edt\u00e9s\u00e9re, ahol a szil\u00e1rd \u00e9teleket friss, nyers z\u00f6lds\u00e9g- \u00e9s gy\u00fcm\u00f6lcslevekkel helyettes\u00edted. Ez a 3 napos terv egy egyszer\u0171, de hat\u00e9kony m\u00f3dja annak, hogy t\u00e1mogasd a tested \u00e9s ell\u00e1sd fontos t\u00e1panyagokkal. Tov\u00e1bbi inform\u00e1ci\u00f3k\u00e9rt k\u00e9rlek, l\u00e1togass el a r\u00e9szletesebb blogbejegyz\u00e9semhez<a href=\"https:\/\/monikagungl.com\/hu\/lebojtkura-hatasai\/\" data-type=\"post\" data-id=\"6518\"> itt.<\/a><\/strong> <\/p>\n\n\n\n<h2 class=\"wp-block-heading\" id=\"einfuhrung-in-das-saftfasten\"><strong>Bevezet\u00e9s a l\u00e9b\u00f6jtk\u00far\u00e1ba<\/strong><\/h2>\n\n\n\n<p>L\u00e9b\u00f6jk\u00fara teszt <a href=\"https:\/\/monikagungl.com\/hu\/lebojt-teszt\/\" data-type=\"post\" data-id=\"6517\">itt <\/a>.<\/p>\n\n\n\n<figure class=\"wp-block-image size-full\"><img loading=\"lazy\" decoding=\"async\" width=\"1000\" height=\"1511\" src=\"https:\/\/monikagungl.com\/wp-content\/uploads\/saftfasten-einkaufen-1.webp\" alt=\"lebojtkura-terv-bevasarlas-elokeszites\" class=\"wp-image-6326\" srcset=\"https:\/\/monikagungl.com\/wp-content\/uploads\/saftfasten-einkaufen-1.webp 1000w, https:\/\/monikagungl.com\/wp-content\/uploads\/saftfasten-einkaufen-1-635x960.webp 635w, https:\/\/monikagungl.com\/wp-content\/uploads\/saftfasten-einkaufen-1-768x1160.webp 768w, https:\/\/monikagungl.com\/wp-content\/uploads\/saftfasten-einkaufen-1-600x907.webp 600w\" sizes=\"auto, (max-width: 1000px) 100vw, 1000px\" \/><\/figure>\n\n\n\n<h3 class=\"wp-block-heading\">L\u00e9b\u00f6jtk\u00fara 1. nap: A m\u00e9regtelen\u00edt\u00e9s kezdete<\/h3>\n\n\n\n<ul class=\"wp-block-list\">\n<li><strong>Reggel el\u0151tt: <\/strong>Kezdd a napot k\u00e9t poh\u00e1r citromos, langyos v\u00edzzel.<\/li>\n\n\n\n<li><strong>Reggeli:<\/strong> Ezt k\u00f6vet\u0151en igy\u00e1l egy frissen pr\u00e9selt zellersz\u00e1rlevet.<\/li>\n\n\n\n<li><strong>Eb\u00e9d:<\/strong> Frissen pr\u00e9selt alma-r\u00e9pa l\u00e9. Ez a kombin\u00e1ci\u00f3 nemcsak \u00edzletes, de vitaminokban \u00e9s \u00e1sv\u00e1nyi anyagokban is gazdag.<\/li>\n\n\n\n<li><strong>Vacsora:<\/strong> Frissen pr\u00e9selt z\u00f6lds\u00e9gl\u00e9 c\u00e9kl\u00e1b\u00f3l, ubork\u00e1b\u00f3l \u00e9s egy kev\u00e9s gy\u00f6mb\u00e9rb\u0151l. Ez a kombin\u00e1ci\u00f3 seg\u00edt a m\u00e9regtelen\u00edt\u00e9sben \u00e9s t\u00e1mogatja az em\u00e9szt\u00e9st.<\/li>\n<\/ul>\n\n\n\n<figure class=\"wp-block-image size-full\"><img loading=\"lazy\" decoding=\"async\" width=\"1000\" height=\"667\" src=\"https:\/\/monikagungl.com\/wp-content\/uploads\/saftfasten-plan-1.webp\" alt=\"lebojtkura-terv-3-nap\" class=\"wp-image-6328\" srcset=\"https:\/\/monikagungl.com\/wp-content\/uploads\/saftfasten-plan-1.webp 1000w, https:\/\/monikagungl.com\/wp-content\/uploads\/saftfasten-plan-1-960x640.webp 960w, https:\/\/monikagungl.com\/wp-content\/uploads\/saftfasten-plan-1-768x512.webp 768w, https:\/\/monikagungl.com\/wp-content\/uploads\/saftfasten-plan-1-600x400.webp 600w\" sizes=\"auto, (max-width: 1000px) 100vw, 1000px\" \/><\/figure>\n\n\n\n<h3 class=\"wp-block-heading\">L\u00e9b\u00f6jtk\u00fara 2. nap: A tiszt\u00edt\u00f3 folyamat folytat\u00e1sa<\/h3>\n\n\n\n<ul class=\"wp-block-list\">\n<li><strong>Reggel el\u0151tt:<\/strong> Ism\u00e9t kezdd k\u00e9t poh\u00e1r langyos, citromos v\u00edzzel.<\/li>\n\n\n\n<li><strong>Reggeli: <\/strong>Frissen pr\u00e9selt zellersz\u00e1rl\u00e9.<\/li>\n\n\n\n<li><strong>Eb\u00e9d: <\/strong>Anan\u00e1szl\u00e9 ment\u00e1val. Ez a kombin\u00e1ci\u00f3 friss\u00edt\u0151 \u00e9s el\u0151seg\u00edti az em\u00e9szt\u00e9st.<\/li>\n\n\n\n<li><strong>Vacsora:<\/strong> Frissen pr\u00e9selt z\u00f6lds\u00e9gl\u00e9 paradicsomb\u00f3l, zellerb\u0151l \u00e9s egy kis spen\u00f3tb\u00f3l. Ez a kever\u00e9k t\u00e1pl\u00e1l\u00f3 \u00e9s t\u00e1mogatja a m\u00e9regtelen\u00edt\u00e9si folyamatokat.<\/li>\n<\/ul>\n\n\n\n<h3 class=\"wp-block-heading\">L\u00e9b\u00f6jtk\u00fara 3. Nap: A L\u00e9b\u00f6jtk\u00fara v\u00e9ge \u00e9s \u00faj \u00e9letm\u00f3dra val\u00f3 \u00e1tt\u00e9r\u00e9s<\/h3>\n\n\n\n<ul class=\"wp-block-list\">\n<li><strong>Reggel el\u0151tt: <\/strong>Kezdd a napot \u00fajra k\u00e9t poh\u00e1r langyos citromos v\u00edzzel.<\/li>\n\n\n\n<li><strong>Reggeli: <\/strong>Frissen pr\u00e9selt zellersz\u00e1rl\u00e9.<\/li>\n\n\n\n<li><strong>Eb\u00e9d: <\/strong>Frissen facsart narancs-grapefruitl\u00e9. Ez a kombin\u00e1ci\u00f3 gazdag vitamin C-ben \u00e9s m\u00e1s fontos t\u00e1panyagokban.<\/li>\n\n\n\n<li><strong>Vacsora: <\/strong>Z\u00f6ld l\u00e9 ubork\u00e1b\u00f3l, z\u00f6ld leveles z\u00f6lds\u00e9gekb\u0151l (mint a kelk\u00e1poszta vagy a spen\u00f3t) \u00e9s egy kev\u00e9s citromb\u00f3l. Ez a l\u00e9 nyugtat\u00f3 \u00e9s ide\u00e1lis a tiszt\u00edt\u00f3 folyamat befejez\u00e9s\u00e9hez.<\/li>\n<\/ul>\n\n\n\n<figure class=\"wp-block-image size-full\"><img loading=\"lazy\" decoding=\"async\" width=\"1000\" height=\"667\" src=\"https:\/\/monikagungl.com\/wp-content\/uploads\/saftfasten-Plan-cm-1.webp\" alt=\"lebojtkura-terv-hatasok\" class=\"wp-image-6330\" srcset=\"https:\/\/monikagungl.com\/wp-content\/uploads\/saftfasten-Plan-cm-1.webp 1000w, https:\/\/monikagungl.com\/wp-content\/uploads\/saftfasten-Plan-cm-1-960x640.webp 960w, https:\/\/monikagungl.com\/wp-content\/uploads\/saftfasten-Plan-cm-1-768x512.webp 768w, https:\/\/monikagungl.com\/wp-content\/uploads\/saftfasten-Plan-cm-1-600x400.webp 600w\" sizes=\"auto, (max-width: 1000px) 100vw, 1000px\" \/><\/figure>\n\n\n\n<p>A Norm\u00e1l \u00c9trendhez Val\u00f3 Visszat\u00e9r\u00e9s: itt<\/p>\n\n\n\n<h2 class=\"wp-block-heading\"><strong>Tov\u00e1bbi Megjegyz\u00e9sek a l\u00e9b\u00f6jtk\u00far\u00e1hoz:<\/strong><\/h2>\n\n\n\n<p>Igy\u00e1l sok vizet a l\u00e9b\u00f6jtk\u00fara alatt, hogy fenntartsd a hidrat\u00e1lts\u00e1got \u00e9s t\u00e1mogasd a m\u00e9regtelen\u00edt\u00e9si folyamatokat.<\/p>\n\n\n\n<p>R\u00e9szletesebb inform\u00e1ci\u00f3k\u00e9rt \u00e9s \u00fatmutat\u00e1sok\u00e9rt k\u00e9rlek, l\u00e1togass el a blogbejegyz\u00e9semhez itt. \u00c9rezd a l\u00e9b\u00f6jtk\u00fara tiszt\u00edt\u00f3 hat\u00e1s\u00e1t \u00e9s tapasztald meg a vitalit\u00e1st a testedben! <\/p>\n\n\n\n<p>Val\u00f3ban sz\u00fcks\u00e9gem van a l\u00e9b\u00f6jtre?<a href=\"https:\/\/monikagungl.com\/hu\/lebojt-teszt\/\" data-type=\"post\" data-id=\"6517\"> T\u00f6ltsd ki a tesztet!<\/a><\/p>\n\n\n\n<p><strong>Kezdd el most az utadat a jobb eg\u00e9szs\u00e9g \u00e9s \u00e9let\u00f6r\u00f6m fel\u00e9<\/strong><\/p>\n\n\n\n<p>K\u00e9sz vagy egy pozit\u00edv v\u00e1ltoz\u00e1sra az \u00e9letedben? K\u00fcl\u00f6n\u00f6sen kifejlesztett b\u00f6jt programjaim az ide\u00e1lis lehet\u0151s\u00e9get k\u00edn\u00e1lj\u00e1k sz\u00e1modra, hogy fontos l\u00e9p\u00e9st tegy\u00e9l az eg\u00e9szs\u00e9g \u00e9s a j\u00f3 k\u00f6z\u00e9rzet fel\u00e9. Haszn\u00e1ld ki most az es\u00e9lyt, hogy ezeket a programokat egy vonz\u00f3 kombin\u00e1lt \u00e1ron szerezd meg \u2013 ez egy befektet\u00e9s az eg\u00e9szs\u00e9gesebb \u00e9s el\u00e9gedettebb \u00e9nedbe!<\/p>\n\n\n\n<p><strong><a href=\"https:\/\/monikagungl.com\/produkt\/7-tage-saftfasten\/\" data-type=\"product\" data-id=\"5914\"><strong><a href=\"https:\/\/monikagungl.com\/produkt\/7-tage-saftfasten\/\" data-type=\"product\" data-id=\"5914\">L\u00e9b\u00f6jtk\u00fara Program: Kih\u00edv\u00e1s \u00e9s Tisztul\u00e1s<\/a><\/strong><\/a><\/strong> Fogadd el a kih\u00edv\u00e1st, hogy teljes k\u00f6r\u0171en megtiszt\u00edtsd a tested. Szerezd meg ma a l\u00e9b\u00f6jtk\u00fara programot \u00e9s \u00e9rezd a pozit\u00edv v\u00e1ltoz\u00e1st.<\/p>\n\n\n\n<p><a href=\"https:\/\/monikagungl.com\/produkt\/10-tage-smoothie-challenge\/\" data-type=\"product\" data-id=\"5908\"><strong>10 Napos Smoothie Kih\u00edv\u00e1s: Energia \u00e9s Frissess\u00e9g<\/strong> <\/a>K\u00e9sz\u00fclj fel arra, hogy energi\u00e1val teli \u00e9s \u00e9letteliv\u00e9 v\u00e1lj. Biztos\u00edtsd a r\u00e9szv\u00e9telt a Smoothie Kih\u00edv\u00e1sban most.<\/p>\n\n\n\n<p><strong><a href=\"https:\/\/monikagungl.com\/produkt\/21-tage-rohkost-challenge\/\" data-type=\"product\" data-id=\"5876\">21 Napos Nyers\u00e9tel Kih\u00edv\u00e1s: Term\u00e9szetes Vitalit\u00e1s<\/a><\/strong> Fedezd fel a nyers \u00e9telek erej\u00e9t \u00e9s azt, hogy hogyan v\u00e1ltoztathatj\u00e1k meg az \u00e9letedet pozit\u00edv ir\u00e1nyba. Kezdd el a Nyers\u00e9tel Kih\u00edv\u00e1st ma.<\/p>\n\n\n\n<p>Minden programomban szem\u00e9lyesen \u00e1llok rendelkez\u00e9sedre tan\u00e1csokkal \u00e9s t\u00e1mogat\u00e1ssal. Egy 20 perces ingyenes coaching \u00fcl\u00e9sben r\u00e9szes\u00fclsz, \u00e9s a kih\u00edv\u00e1s alatt b\u00e1rmikor feltehetsz k\u00e9rd\u00e9seket WhatsAppon vagy emailen kereszt\u00fcl.<\/p>\n\n\n\n<p><a href=\"https:\/\/monikagungl.com\/hu\/leistungen\/integral-eletmodvaltas\/\" data-type=\"leistungen\" data-id=\"4304\">12 Alkalmas Integr\u00e1l T\u00e1pl\u00e1lkoz\u00e1si Tan\u00e1csad\u00f3 Coaching: Szem\u00e9lyre Szabott T\u00e1mogat\u00e1s.<\/a><\/p>\n\n\n\n<p>Ne hagyd ki a lehet\u0151s\u00e9get, hogy egy\u00e9ni coachingban r\u00e9szes\u00fclj. Foglalj le egy online ingyenes coachingot, hogy megvitassuk a szem\u00e9lyes c\u00e9ljaidat \u00e9s ig\u00e9nyeidet. <a href=\"https:\/\/monikagungl.com\/hu\/leistungen\/integral-eletmodvaltas\/#termin\" data-type=\"link\" data-id=\"https:\/\/monikagungl.com\/hu\/leistungen\/integral-eletmodvaltas\/#termin\">Foglalj le most egy ingyenes  els\u0151 besz\u00e9lget\u00e9st,<\/a> \u00e9s fedezd fel, hogy a coaching hogyan gazdag\u00edthatja az \u00e9letedet.<\/p>\n\n\n\n<p>Haszn\u00e1ld ki ezt az egyedi aj\u00e1nlatot \u00e9s szerezd meg mindh\u00e1rom programot egy\u00fctt, cs\u00f6kkentett csomag\u00e1ron. Ez a t\u00f6k\u00e9letes id\u0151pont, hogy j\u00f3t tegy\u00e9l a testednek \u00e9s a lelkednek. Ne habozz tov\u00e1bb, haszn\u00e1ld ki ezt a lehet\u0151s\u00e9get \u00e9s kezdd el az utadat egy eg\u00e9szs\u00e9gesebb \u00e9s teljesebb \u00e9letm\u00f3d fel\u00e9. A tested meg fogja h\u00e1l\u00e1lni!<\/p>\n\n\n\n<p>Ne habozz \u2013 az eg\u00e9szs\u00e9ged \u00e9s j\u00f3l\u00e9ted mindenn\u00e9l fontosabb!<\/p>\n\n\n\n<p>V\u00e1laszd ki azt a programot vagy csomagot, amely a legink\u00e1bb illik hozz\u00e1d, \u00e9s kezdd el m\u00e9g ma az utaz\u00e1sodat egy eg\u00e9szs\u00e9gesebb \u00e9s boldogabb \u00e9let fel\u00e9!<\/p>\n","protected":false},"excerpt":{"rendered":"<p>Ismerd meg a 3 napos l\u00e9b\u00f6jtk\u00fara terved: hat\u00e9kony tiszt\u00edt\u00e1s \u00e9s t\u00f6bb vitalit\u00e1s. Egyszer\u0171 receptek, hasznos tippek!<\/p>\n","protected":false},"author":2,"featured_media":6324,"comment_status":"open","ping_status":"closed","sticky":false,"template":"","format":"standard","meta":{"_seopress_robots_primary_cat":"none","_seopress_titles_title":"L\u00e9b\u00f6jtk\u00fara \u00datmutat\u00f3 Kezd\u0151knek: H\u00e1rom Nap A Meg\u00fajul\u00e1s\u00e9rt","_seopress_titles_desc":"A 3 napos l\u00e9b\u00f6jtk\u00fara terv: A m\u00e9regtelen\u00edt\u00e9s \u00e9s vitalit\u00e1s kulcsa. Egyszer\u0171, hat\u00e9kony gy\u00fcm\u00f6lcs \u00e9s z\u00f6lds\u00e9glevek.","_seopress_robots_index":"","footnotes":""},"categories":[113,114,115,1],"tags":[],"class_list":["post-6535","post","type-post","status-publish","format-standard","has-post-thumbnail","hentry","category-abnehmen-tipps-hu","category-ernaehrungsberatung-blog-hu","category-fasten-detox-hu","category-unkategorisiert"],"meta_box":[],"_links":{"self":[{"href":"https:\/\/monikagungl.com\/hu\/wp-json\/wp\/v2\/posts\/6535","targetHints":{"allow":["GET"]}}],"collection":[{"href":"https:\/\/monikagungl.com\/hu\/wp-json\/wp\/v2\/posts"}],"about":[{"href":"https:\/\/monikagungl.com\/hu\/wp-json\/wp\/v2\/types\/post"}],"author":[{"embeddable":true,"href":"https:\/\/monikagungl.com\/hu\/wp-json\/wp\/v2\/users\/2"}],"replies":[{"embeddable":true,"href":"https:\/\/monikagungl.com\/hu\/wp-json\/wp\/v2\/comments?post=6535"}],"version-history":[{"count":4,"href":"https:\/\/monikagungl.com\/hu\/wp-json\/wp\/v2\/posts\/6535\/revisions"}],"predecessor-version":[{"id":6554,"href":"https:\/\/monikagungl.com\/hu\/wp-json\/wp\/v2\/posts\/6535\/revisions\/6554"}],"wp:featuredmedia":[{"embeddable":true,"href":"https:\/\/monikagungl.com\/hu\/wp-json\/wp\/v2\/media\/6324"}],"wp:attachment":[{"href":"https:\/\/monikagungl.com\/hu\/wp-json\/wp\/v2\/media?parent=6535"}],"wp:term":[{"taxonomy":"category","embeddable":true,"href":"https:\/\/monikagungl.com\/hu\/wp-json\/wp\/v2\/categories?post=6535"},{"taxonomy":"post_tag","embeddable":true,"href":"https:\/\/monikagungl.com\/hu\/wp-json\/wp\/v2\/tags?post=6535"}],"curies":[{"name":"wp","href":"https:\/\/api.w.org\/{rel}","templated":true}]}}