{"id":8331,"date":"2024-09-06T11:26:27","date_gmt":"2024-09-06T09:26:27","guid":{"rendered":"https:\/\/monikagungl.com\/chia-samen-das-superfood-fuer-gesunde-ernaehrung-und-abnehmen\/"},"modified":"2024-09-28T21:17:31","modified_gmt":"2024-09-28T19:17:31","slug":"chiamag-egeszseg-fogyas","status":"publish","type":"post","link":"https:\/\/monikagungl.com\/hu\/chiamag-egeszseg-fogyas\/","title":{"rendered":"Chiamag: A szuper\u00e9lelmiszer az eg\u00e9szs\u00e9g\u00e9rt \u00e9s fogy\u00e1s\u00e9rt!"},"content":{"rendered":"\n<p>T\u00e1pl\u00e1lkoz\u00e1si tan\u00e1csad\u00f3k\u00e9nt fontosnak tartom, hogy \u00fcgyfeleimnek a legjobb \u00e9lelmiszereket aj\u00e1nljam az eg\u00e9szs\u00e9g\u00fck meg\u0151rz\u00e9s\u00e9hez. A chiamag remek p\u00e9lda egy szuper\u00e9lelmiszer, amely magas t\u00e1panyagtartalma \u00e9s sz\u00e1mos eg\u00e9szs\u00e9g\u00fcgyi el\u0151nye miatt \u00e9rt\u00e9kes kieg\u00e9sz\u00edt\u0151je lehet minden \u00e9trendnek. Eredetileg K\u00f6z\u00e9p-Amerik\u00e1b\u00f3l sz\u00e1rmazik, de m\u00e1ra vil\u00e1gszerte elismert szuper\u00e9lelmiszerr\u00e9 v\u00e1lt.<\/p>\n\n\n\n<h2 class=\"wp-block-heading\">Mi az a chiamag?<\/h2>\n\n\n\n<p>A chiamag a Salvia hispanica nev\u0171 n\u00f6v\u00e9nyb\u0151l sz\u00e1rmazik, amely az ajakosvir\u00e1g\u00faak csal\u00e1dj\u00e1ba tartozik. Ezeket a magokat m\u00e1r az azt\u00e9kok \u00e9s a maj\u00e1k is alapvet\u0151 \u00e9lelmiszerk\u00e9nt \u00e9s gy\u00f3gy\u00edt\u00f3 szerk\u00e9nt haszn\u00e1lt\u00e1k. A \u201echia\u201d sz\u00f3 a maj\u00e1k nyelv\u00e9n \u201eer\u0151t\u201d jelent. A chiamagot energiaforr\u00e1sk\u00e9nt tartott\u00e1k sz\u00e1mon, \u00e9s az azt\u00e9k harcosok fogyasztott\u00e1k, hogy kitart\u00e1st \u00e9s energi\u00e1t nyerjenek hossz\u00fa menetekhez \u00e9s harcokhoz.<\/p>\n\n\n\n<h2 class=\"wp-block-heading\">A chiamag eredete:<\/h2>\n\n\n\n<p>A chiamagok az egyny\u00e1ri chiam\u00f6v\u00e9ny term\u00e9sei. M\u00e1r a maj\u00e1k idej\u00e9ben is alap\u00e9lelmiszerk\u00e9nt \u00e9s gy\u00f3gy\u00edt\u00f3 szerk\u00e9nt haszn\u00e1lt\u00e1k \u0151ket. A termeszt\u00e9s\u00fck K\u00f6z\u00e9p- \u00e9s D\u00e9l-Amerik\u00e1ban t\u00f6rt\u00e9nik, de ma m\u00e1r D\u00e9lkelet-\u00c1zsi\u00e1ban \u00e9s Ausztr\u00e1li\u00e1ban is termesztik. A magok neve sz\u00f3 szerint \u201eer\u0151set\u201d jelent, ov\u00e1lis alak\u00faak, k\u00f6r\u00fclbel\u00fcl egy-k\u00e9t millim\u00e9ter nagys\u00e1g\u00faak. Fekete, fekete foltos, feh\u00e9r \u00e9s sz\u00fcrke sz\u00ednben l\u00e9teznek. Az olajos magvakhoz \u00e9s az \u00e1lgabon\u00e1khoz tartoznak, \u00edgy mint ezek, glut\u00e9nmentesek.<\/p>\n\n\n\n<p>Tov\u00e1bbi inform\u00e1ci\u00f3kat a chiamagr\u00f3l itt tal\u00e1lhatsz. Tov\u00e1bbi bejegyz\u00e9sek a chiamagr\u00f3l. Chiamag feh\u00e9rjetartalom.<\/p>\n\n\n\n<h2 class=\"wp-block-heading\">A chiamag fajt\u00e1i:<\/h2>\n\n\n\n<p>A chiamagok f\u0151k\u00e9nt k\u00e9t sz\u00ednben l\u00e9teznek: fekete \u00e9s feh\u00e9r. Mindk\u00e9t v\u00e1ltozat hasonl\u00f3 eg\u00e9szs\u00e9g\u00fcgyi el\u0151ny\u00f6kkel rendelkezik, azonban apr\u00f3 k\u00fcl\u00f6nbs\u00e9gek vannak, amelyeket \u00e9rdemes k\u00f6zelebbr\u0151l megvizsg\u00e1lni.<\/p>\n\n\n\n<figure class=\"wp-block-table is-style-stripes\"><table class=\"has-luminous-vivid-orange-background-color has-background has-fixed-layout\"><thead><tr><th>Merkmal<\/th><th>Fekete Chiamag<\/th><th>Feh\u00e9r Chiamag<\/th><\/tr><\/thead><tbody><tr><td><strong>Sz\u00edn<\/strong><\/td><td>Fekete vagy s\u00f6t\u00e9tsz\u00fcrke<\/td><td>Feh\u00e9r vagy vil\u00e1gossz\u00fcrke<\/td><\/tr><tr><td><strong>\u00cdz<\/strong><\/td><td>Enyh\u00e9n di\u00f3s<\/td><td>Enyh\u00e9n di\u00f3s<\/td><\/tr><tr><td><strong>T\u00e1panyagtartalom<\/strong><\/td><td>Hasonl\u00f3, enyh\u00e9n magasabb feh\u00e9rje- \u00e9s antioxid\u00e1ns tartalom<\/td><td>Hasonl\u00f3, enyh\u00e9n magasabb Omega-3 tartalom<\/td><\/tr><tr><td><strong>Felhaszn\u00e1l\u00e1s<\/strong><\/td><td>Sokoldal\u00faan felhaszn\u00e1lhat\u00f3<\/td><td>Sokoldal\u00faan felhaszn\u00e1lhat\u00f3<\/td><\/tr><tr><td><strong>El\u00e9rhet\u0151s\u00e9g<\/strong><\/td><td>Gyakrabban megtal\u00e1lhat\u00f3<\/td><td>Valamivel ritk\u00e1bban, de el\u00e9rhet\u0151.<\/td><\/tr><\/tbody><\/table><\/figure>\n\n\n\n<h2 class=\"wp-block-heading\">T\u00e1panyag-\u00f6sszet\u00e9tel 100 gramm chiamagban:<\/h2>\n\n\n\n<figure class=\"wp-block-table is-style-stripes\"><table class=\"has-luminous-vivid-amber-background-color has-background has-fixed-layout\"><thead><tr><th>T\u00e1panyag<\/th><th>Mennyis\u00e9g 100g-ban<\/th><\/tr><\/thead><tbody><tr><td>Kal\u00f3ria<\/td><td>486 g<\/td><\/tr><tr><td>Sz\u00e9nhidr\u00e1t<\/td><td> 42 g<\/td><\/tr><tr><td>Rost<\/td><td> 34 g<\/td><\/tr><tr><td>Feh\u00e9rje<\/td><td> 17 g<\/td><\/tr><tr><td>Zs\u00edr<\/td><td> 31 g<\/td><\/tr><tr><td>Omega-3-zs\u00edrsavak<\/td><td> 18 g<\/td><\/tr><tr><td>Kalcium<\/td><td>631 mg<\/td><\/tr><tr><td>Magn\u00e9zium<\/td><td>335 mg<\/td><\/tr><tr><td>Foszfor<\/td><td>860 mg<\/td><\/tr><tr><td>Vas<\/td><td>  7,7 mg<\/td><\/tr><tr><td>Cink<\/td><td>  4,6 mg<\/td><\/tr><tr><td>B3 Vitamin (Niacin)<\/td><td>  8,8 mg<\/td><\/tr><\/tbody><\/table><\/figure>\n\n\n\n<h2 class=\"wp-block-heading\">Az eg\u00e9szs\u00e9gre gyakorolt hat\u00e1sai:<\/h2>\n\n\n\n<p>A chiamag sz\u00e1mos eg\u00e9szs\u00e9g\u00fcgyi el\u0151nnyel rendelkezik, melyek gazdag t\u00e1panyagtartalm\u00e1nak k\u00f6sz\u00f6nhet\u0151k.<\/p>\n\n\n\n<ol class=\"wp-block-list\">\n<li><strong>Az em\u00e9szt\u00e9s t\u00e1mogat\u00e1sa:<\/strong> A chiamag magas rosttartalma el\u0151seg\u00edti a megfelel\u0151 em\u00e9szt\u00e9st, \u00e9s seg\u00edt megel\u0151zni a sz\u00e9kreked\u00e9st. A rostok emellett hosszabb ideig tart\u00f3 telts\u00e9g\u00e9rzetet biztos\u00edtanak, ami hasznos lehet a tests\u00faly szab\u00e1lyoz\u00e1s\u00e1ban.<\/li>\n\n\n\n<li><strong>A sz\u00edv v\u00e9delme:<\/strong> Az omega-3 zs\u00edrsavak, amelyek a chiamagban tal\u00e1lhat\u00f3k, gyullad\u00e1scs\u00f6kkent\u0151 hat\u00e1s\u00faak \u00e9s hozz\u00e1j\u00e1rulnak a sz\u00edv eg\u00e9szs\u00e9g\u00e9hez. Seg\u00edthetnek cs\u00f6kkenteni a koleszterinszintet, \u00e9s m\u00e9rs\u00e9kelhetik a sz\u00edvbetegs\u00e9gek kock\u00e1zat\u00e1t.<\/li>\n\n\n\n<li><strong>Er\u0151s csontok: <\/strong>A chiamag gazdag kalciumban, magn\u00e9ziumban \u00e9s foszforban, amelyek fontosak a csontok eg\u00e9szs\u00e9g\u00e9nek meg\u0151rz\u00e9s\u00e9ben. Ezek az \u00e1sv\u00e1nyi anyagok hozz\u00e1j\u00e1rulnak a csontok s\u0171r\u0171s\u00e9g\u00e9nek fenntart\u00e1s\u00e1hoz, \u00e9s seg\u00edthetnek megel\u0151zni a csontritkul\u00e1st.<\/li>\n\n\n\n<li><strong>V\u00e9rcukorszint szab\u00e1lyoz\u00e1sa:<\/strong> A chiamag rostjai lass\u00edtj\u00e1k a cukor felsz\u00edv\u00f3d\u00e1s\u00e1t, \u00edgy stabilan tartj\u00e1k a v\u00e9rcukorszintet. Ez k\u00fcl\u00f6n\u00f6sen hasznos cukorbetegek vagy inzulinrezisztenci\u00e1val k\u00fczd\u0151k sz\u00e1m\u00e1ra.<\/li>\n\n\n\n<li><strong>S\u00falykontroll: <\/strong>A chiamag k\u00e9pes nagy mennyis\u00e9g\u0171 folyad\u00e9kot felvenni \u00e9s megduzzadni, ami meghosszabb\u00edtja a telts\u00e9g\u00e9rzetet, seg\u00edtve ezzel a kal\u00f3riabevitel cs\u00f6kkent\u00e9s\u00e9t \u00e9s a fogy\u00e1st.<\/li>\n\n\n\n<li><strong>Antioxid\u00e1ns hat\u00e1s:<\/strong> A chiamagban l\u00e9v\u0151 antioxid\u00e1nsok v\u00e9dik a sejteket a szabad gy\u00f6k\u00f6k okozta k\u00e1rosod\u00e1sokt\u00f3l, \u00e9s seg\u00edtenek cs\u00f6kkenteni az oxidat\u00edv stresszt.<\/li>\n\n\n\n<li><strong>Vas:<\/strong> 100 gramm chiamag 7,7 mg vasat tartalmaz, ami seg\u00edthet a vashi\u00e1ny megel\u0151z\u00e9s\u00e9ben.<\/li>\n\n\n\n<li><strong>Cink:<\/strong> A chiamag 4,6 mg cinket tartalmaz, amely fontos az immunrendszer megfelel\u0151 m\u0171k\u00f6d\u00e9s\u00e9hez.<\/li>\n\n\n\n<li><strong>B3-vitamin<\/strong> (niacin): 100 gramm chiamag 8,8 mg niacint tartalmaz, ami hozz\u00e1j\u00e1rul a b\u0151r \u00e9s az idegrendszer eg\u00e9szs\u00e9g\u00e9nek meg\u0151rz\u00e9s\u00e9hez.<\/li>\n<\/ol>\n\n\n\n<h2 class=\"wp-block-heading\">A chiamag felhaszn\u00e1l\u00e1sa:<\/h2>\n\n\n\n<p>A chiamag hihetetlen\u00fcl sokoldal\u00fa, \u00e9s sz\u00e1mos receptben felhaszn\u00e1lhat\u00f3. \u00cdme n\u00e9h\u00e1ny egyszer\u0171 m\u00f3dja annak, hogyan \u00e9p\u00edtheted be a chiamagot az \u00e9trendedbe:<\/p>\n\n\n\n<figure class=\"wp-block-image size-full\"><img loading=\"lazy\" decoding=\"async\" width=\"1000\" height=\"715\" src=\"https:\/\/monikagungl.com\/wp-content\/uploads\/chia-pudding-mit-feigen-bluebeeren-gesunde-ernaehrung-1-1.webp\" alt=\"Chia puding f\u00fcg\u00e9vel \u00e9s \u00e1fony\u00e1val - eg\u00e9szs\u00e9ges t\u00e1pl\u00e1lkoz\u00e1s\" class=\"wp-image-8361\" srcset=\"https:\/\/monikagungl.com\/wp-content\/uploads\/chia-pudding-mit-feigen-bluebeeren-gesunde-ernaehrung-1-1.webp 1000w, https:\/\/monikagungl.com\/wp-content\/uploads\/chia-pudding-mit-feigen-bluebeeren-gesunde-ernaehrung-1-1-960x686.webp 960w, https:\/\/monikagungl.com\/wp-content\/uploads\/chia-pudding-mit-feigen-bluebeeren-gesunde-ernaehrung-1-1-768x549.webp 768w, https:\/\/monikagungl.com\/wp-content\/uploads\/chia-pudding-mit-feigen-bluebeeren-gesunde-ernaehrung-1-1-600x429.webp 600w\" sizes=\"auto, (max-width: 1000px) 100vw, 1000px\" \/><\/figure>\n\n\n\n<ul class=\"wp-block-list\">\n<li><strong>Chia v\u00edz:<\/strong> \u00c1ztasd be a chiamagot v\u00edzbe, \u00e9s \u00e9lvezd friss\u00edt\u0151 italk\u00e9nt. Ez az ital kiv\u00e1l\u00f3an hidrat\u00e1l, mik\u00f6zben rostokat \u00e9s omega-3 zs\u00edrsavakat is biztos\u00edt.<\/li>\n\n\n\n<li><strong>Chia puding:<\/strong> Keverd \u00f6ssze a chiamagot n\u00f6v\u00e9nyi tejjel, \u00e9s hagyd a h\u0171t\u0151ben \u00e9jszak\u00e1ra megduzzadni. Adj hozz\u00e1 gy\u00fcm\u00f6lcs\u00f6t, di\u00f3-f\u00e9l\u00e9ket vagy m\u00e9zet, hogy finom \u00e9s t\u00e1pl\u00e1l\u00f3 pudingot kapj.<\/li>\n\n\n\n<li><strong>S\u00fct\u00e9s:<\/strong> Haszn\u00e1ld a chiamagot toj\u00e1s helyett s\u00fct\u00e9skor. Egy ev\u0151kan\u00e1l chiamagot keverj \u00f6ssze h\u00e1rom ev\u0151kan\u00e1l v\u00edzzel, \u00e9s hagyd p\u00e1r percig \u00e1llni. Ezt a kever\u00e9ket toj\u00e1s helyettes\u00edt\u00e9s\u00e9re haszn\u00e1lhatod.<\/li>\n\n\n\n<li><strong>Sal\u00e1t\u00e1k: <\/strong>Sz\u00f3rd meg a sal\u00e1t\u00e1kat chiamaggal, hogy text\u00far\u00e1t \u00e9s extra t\u00e1panyagokat adj hozz\u00e1juk.<\/li>\n\n\n\n<li><strong>Sz\u00f3szok \u00e9s \u00f6ntetek:<\/strong> A chiamag haszn\u00e1lhat\u00f3 sz\u00f3szok \u00e9s \u00f6ntetek s\u0171r\u00edt\u00e9s\u00e9re.<\/li>\n\n\n\n<li><strong>Tortakr\u00e9mek:<\/strong> Adj chiamagot a tortakr\u00e9mekhez, hogy s\u0171r\u0171bb \u00e1llagot \u00e9s t\u00f6bb t\u00e1panyagot biztos\u00edts.<\/li>\n<\/ul>\n\n\n\n<p>Foglalj id\u0151pontot, \u00e9s v\u00e1gj bele egy ingyenes els\u0151 coachinggal az eg\u00e9szs\u00e9gesebb t\u00e1pl\u00e1lkoz\u00e1sba!<\/p>\n\n\n\n<h2 class=\"wp-block-heading\">Val\u00f3ban olyan eg\u00e9szs\u00e9ges a chia mag?<\/h2>\n\n\n\n<p>A chia mag rengeteg fontos t\u00e1panyagot tartalmaz, \u00e9s sz\u00e1mos j\u00f3t\u00e9kony hat\u00e1sa van az eg\u00e9szs\u00e9gre, mint p\u00e9ld\u00e1ul az em\u00e9szt\u00e9s jav\u00edt\u00e1sa, a sz\u00edv eg\u00e9szs\u00e9g\u00e9nek t\u00e1mogat\u00e1sa \u00e9s a v\u00e9rcukorszint kiegyens\u00falyoz\u00e1sa. Az a tulajdons\u00e1ga, hogy k\u00e9pes vizet mag\u00e1ba sz\u00edvni \u00e9s megduzzadni, hozz\u00e1j\u00e1rul a hosszabb telts\u00e9g\u00e9rzethez, ami seg\u00edthet a fogy\u00e1sban.<\/p>\n\n\n\n<h2 class=\"wp-block-heading\">Val\u00f3ban seg\u00edt a chia mag a fogy\u00e1sban?<\/h2>\n\n\n\n<p>Igen, a chiamag magas rosttartalma \u00e9s v\u00edzmegk\u00f6t\u0151 k\u00e9pess\u00e9ge hozz\u00e1j\u00e1rul a hosszabb telts\u00e9g\u00e9rzethez, \u00edgy seg\u00edthet cs\u00f6kkenteni a kal\u00f3riabevitelt. Olvasd el a t\u00f6bbi bejegyz\u00e9semet is az eg\u00e9szs\u00e9ges \u00e9s gyors fogy\u00e1sr\u00f3l. Chia v\u00edz, mint zs\u00edr\u00e9get\u0151.<\/p>\n\n\n\n<p><strong>\u00cdme n\u00e9h\u00e1ny egyszer\u0171 recept, amelyek seg\u00edthetnek:<\/strong><\/p>\n\n\n\n<ul class=\"wp-block-list\">\n<li>Kombucha-chia v\u00edz: Recept fogy\u00e1shoz<\/li>\n\n\n\n<li>Chia-citrom-almaecet v\u00edz: Recept fogy\u00e1shoz<\/li>\n\n\n\n<li>Citromos-chia v\u00edz: Egyszer\u0171 recept fogy\u00e1shoz<\/li>\n<\/ul>\n\n\n\n<p>A chia v\u00edz sokoldal\u00fas\u00e1ga \u00e9s az, hogy k\u00fcl\u00f6nb\u00f6z\u0151 hozz\u00e1val\u00f3kkal, mint p\u00e9ld\u00e1ul citrommal vagy kombuch\u00e1val is keverhet\u0151, sokak kedvenc\u00e9v\u00e9 teszi, akik fogyni szeretn\u00e9nek.<\/p>\n\n\n\n<h2 class=\"wp-block-heading\">Lehet \u00e1rtalmas a chia mag?<\/h2>\n\n\n\n<p><br><br>\u00c1ltal\u00e1noss\u00e1gban a chia mag biztons\u00e1gosan fogyaszthat\u00f3. Azoknak azonban, akik v\u00e9rh\u00edg\u00edt\u00f3 gy\u00f3gyszert szednek, \u00e9rdemes orvosukkal konzult\u00e1lni fogyaszt\u00e1sa el\u0151tt, mivel k\u00f6lcs\u00f6nhat\u00e1sba l\u00e9phet a gy\u00f3gyszerekkel.<\/p>\n\n\n\n<h2 class=\"wp-block-heading\">\u00d6sszegz\u00e9s: \u00c9rdemes rendszeresen chia magot fogyasztani?<\/h2>\n\n\n\n<p>A chia mag \u00e9rt\u00e9kes szuper\u00e9lelmiszer, amely sz\u00e1mos eg\u00e9szs\u00e9g\u00fcgyi el\u0151nnyel j\u00e1r. Sokoldal\u00faan felhaszn\u00e1lhat\u00f3, \u00e9s eg\u00e9szs\u00e9ges kieg\u00e9sz\u00edt\u0151je lehet az \u00e9trendednek. Ugyanakkor \u00e9rdemes figyelembe venni a fenntarthat\u00f3s\u00e1got \u00e9s az \u00f6kol\u00f3giai l\u00e1bnyom\u00e1t is. A legjobb mindig a kiegyens\u00falyozott \u00e9trend, amely sokf\u00e9le t\u00e1panyagforr\u00e1st tartalmaz.<\/p>\n\n\n\n<p>Ha hossz\u00fa t\u00e1v\u00fa t\u00e1mogat\u00e1sra v\u00e1gysz, \u00e9rdemes megfontolnod egy t\u00e1pl\u00e1lkoz\u00e1si tan\u00e1csad\u00e1st, hogy k\u00f6z\u00f6sen k\u00e9sz\u00edts\u00fcnk egy egy\u00e9ni tervet. Foglalj most egy ingyenes els\u0151 konzult\u00e1ci\u00f3t!<\/p>\n\n\n\n<h2 class=\"wp-block-heading\">Gyakran ism\u00e9telt k\u00e9rd\u00e9sek (GYIK) a chia magr\u00f3l<\/h2>\n\n\n\n<h3 class=\"wp-block-heading\">Mennyi chia magot \u00e9rdemes naponta fogyasztani?<\/h3>\n\n\n\n<p>Az aj\u00e1nlott napi mennyis\u00e9g chia magb\u00f3l k\u00f6r\u00fclbel\u00fcl 15-20 gramm (kb. egy ev\u0151kan\u00e1l). Ez a mennyis\u00e9g biztos\u00edtja a t\u00e1panyagok megfelel\u0151 egyens\u00faly\u00e1t \u00e9s az eg\u00e9szs\u00e9g\u00fcgyi el\u0151ny\u00f6ket.<\/p>\n\n\n\n<h3 class=\"wp-block-heading\">T\u00falz\u00e1sba lehet vinni a chiamag fogyaszt\u00e1s\u00e1t?<\/h3>\n\n\n\n<p>Igen, lehets\u00e9ges t\u00fal sok chiamagot fogyasztani. Magas rosttartalmuk miatt nagyobb mennyis\u00e9gben em\u00e9szt\u00e9si probl\u00e9m\u00e1kat okozhatnak, mint p\u00e9ld\u00e1ul puffad\u00e1st, hasmen\u00e9st vagy sz\u00e9kreked\u00e9st. Ezenk\u00edv\u00fcl azoknak, akik v\u00e9rh\u00edg\u00edt\u00f3 gy\u00f3gyszert szednek, \u00e9rdemes orvosukkal konzult\u00e1lni a fogyaszt\u00e1s el\u0151tt.<\/p>\n\n\n\n<h3 class=\"wp-block-heading\">Van k\u00fcl\u00f6nbs\u00e9g a fekete \u00e9s feh\u00e9r chia magok t\u00e1panyagtartalma k\u00f6z\u00f6tt?<\/h3>\n\n\n\n<p>A fekete \u00e9s feh\u00e9r chia magok t\u00e1panyagtartalma nagyon hasonl\u00f3. A fekete chia magokban kiss\u00e9 t\u00f6bb antioxid\u00e1ns lehet, m\u00edg a feh\u00e9r chia magokban valamivel magasabb lehet az omega-3 zs\u00edrsavak mennyis\u00e9ge. Azonban ezek az elt\u00e9r\u00e9sek minim\u00e1lisak.<\/p>\n\n\n\n<h3 class=\"wp-block-heading\">Fogyaszthatnak cukorbetegek chiamagot?<\/h3>\n\n\n\n<p>Igen, a chiamag el\u0151ny\u00f6s lehet cukorbetegek sz\u00e1m\u00e1ra. A chiamag rostjai seg\u00edtenek stabiliz\u00e1lni a v\u00e9rcukorszintet az\u00e1ltal, hogy lass\u00edtj\u00e1k a cukor felsz\u00edv\u00f3d\u00e1s\u00e1t a v\u00e9r\u00e1ramba. Ez hozz\u00e1j\u00e1rulhat a v\u00e9rcukorszint hirtelen megemelked\u00e9s\u00e9nek elker\u00fcl\u00e9s\u00e9hez.<\/p>\n\n\n\n<h3 class=\"wp-block-heading\">Hogyan \u00e9p\u00edthetem be a chiamagot az \u00e9trendembe?<\/h3>\n\n\n\n<p>A chiamag hihetetlen\u00fcl sokoldal\u00fa, \u00e9s sz\u00e1mos receptben felhaszn\u00e1lhatod. Hozz\u00e1adhatod smoothiekhoz, joghurthoz, m\u00fczlihez, sal\u00e1t\u00e1khoz vagy s\u00fctem\u00e9nyekhez. Emellett v\u00edzben vagy tejben \u00e1ztatva k\u00e9sz\u00edthetsz bel\u0151le chia pudingot vagy chia vizet is.<\/p>\n","protected":false},"excerpt":{"rendered":"<p>A chiamag tele van rosttal, omega-3 zs\u00edrsavakkal \u00e9s antioxid\u00e1nsokkal, amelyek t\u00e1mogatj\u00e1k az em\u00e9szt\u00e9st, a fogy\u00e1st \u00e9s az eg\u00e9szs\u00e9ges \u00e9letm\u00f3dot.<\/p>\n","protected":false},"author":2,"featured_media":8359,"comment_status":"open","ping_status":"closed","sticky":false,"template":"","format":"standard","meta":{"_seopress_robots_primary_cat":"none","_seopress_titles_title":"Chiamag: A szuper\u00e9lelmiszer az eg\u00e9szs\u00e9g\u00e9rt \u00e9s fogy\u00e1s\u00e9rt!","_seopress_titles_desc":"Chiamag \u2013 az eg\u00e9szs\u00e9ges t\u00e1pl\u00e1lkoz\u00e1s, jobb em\u00e9szt\u00e9s \u00e9s sikeres fogy\u00e1s kulcsa. Tudj meg mindent err\u0151l a t\u00e1panyagd\u00fas szuper\u00e9lelmiszerr\u0151l!","_seopress_robots_index":"","footnotes":""},"categories":[1],"tags":[],"class_list":["post-8331","post","type-post","status-publish","format-standard","has-post-thumbnail","hentry","category-unkategorisiert"],"meta_box":[],"_links":{"self":[{"href":"https:\/\/monikagungl.com\/hu\/wp-json\/wp\/v2\/posts\/8331","targetHints":{"allow":["GET"]}}],"collection":[{"href":"https:\/\/monikagungl.com\/hu\/wp-json\/wp\/v2\/posts"}],"about":[{"href":"https:\/\/monikagungl.com\/hu\/wp-json\/wp\/v2\/types\/post"}],"author":[{"embeddable":true,"href":"https:\/\/monikagungl.com\/hu\/wp-json\/wp\/v2\/users\/2"}],"replies":[{"embeddable":true,"href":"https:\/\/monikagungl.com\/hu\/wp-json\/wp\/v2\/comments?post=8331"}],"version-history":[{"count":1,"href":"https:\/\/monikagungl.com\/hu\/wp-json\/wp\/v2\/posts\/8331\/revisions"}],"predecessor-version":[{"id":8363,"href":"https:\/\/monikagungl.com\/hu\/wp-json\/wp\/v2\/posts\/8331\/revisions\/8363"}],"wp:featuredmedia":[{"embeddable":true,"href":"https:\/\/monikagungl.com\/hu\/wp-json\/wp\/v2\/media\/8359"}],"wp:attachment":[{"href":"https:\/\/monikagungl.com\/hu\/wp-json\/wp\/v2\/media?parent=8331"}],"wp:term":[{"taxonomy":"category","embeddable":true,"href":"https:\/\/monikagungl.com\/hu\/wp-json\/wp\/v2\/categories?post=8331"},{"taxonomy":"post_tag","embeddable":true,"href":"https:\/\/monikagungl.com\/hu\/wp-json\/wp\/v2\/tags?post=8331"}],"curies":[{"name":"wp","href":"https:\/\/api.w.org\/{rel}","templated":true}]}}