{"id":8343,"date":"2024-12-25T15:16:58","date_gmt":"2024-12-25T14:16:58","guid":{"rendered":"https:\/\/monikagungl.com\/ernaehrungsberatung-online\/"},"modified":"2024-12-25T15:11:47","modified_gmt":"2024-12-25T14:11:47","slug":"online-taplalkozasi-tanacsadas","status":"publish","type":"post","link":"https:\/\/monikagungl.com\/hu\/online-taplalkozasi-tanacsadas\/","title":{"rendered":"Online T\u00e1pl\u00e1lkoz\u00e1si Tan\u00e1csad\u00e1s: Az Eg\u00e9szs\u00e9ged Forradalma"},"content":{"rendered":"\n<p>Az online t\u00e1pl\u00e1lkoz\u00e1si tan\u00e1csad\u00e1s lehet\u0151s\u00e9get ny\u00fajt arra, hogy eg\u00e9szs\u00e9gedet \u00e9s t\u00e1pl\u00e1lkoz\u00e1sodat egy \u00faj szintre emeld, an\u00e9lk\u00fcl, hogy helyhez vagy id\u0151h\u00f6z lenn\u00e9l k\u00f6tve. Ebben a cikkben megtudhatod, hogyan m\u0171k\u00f6dik az online tan\u00e1csad\u00e1s, milyen el\u0151ny\u00f6kkel j\u00e1r, milyen probl\u00e9m\u00e1kat oldhat meg, \u00e9s mire van sz\u00fcks\u00e9ged a r\u00e9szv\u00e9telhez.<\/p>\n\n\n\n<h2 class=\"wp-block-heading\">Hogyan forradalmas\u00edthatja az online t\u00e1pl\u00e1lkoz\u00e1si tan\u00e1csad\u00e1s az eg\u00e9szs\u00e9gedet?<\/h2>\n\n\n\n<p>Az online t\u00e1pl\u00e1lkoz\u00e1si tan\u00e1csad\u00e1s nemcsak egy modern megold\u00e1s, hanem egy hat\u00e9kony m\u00f3dszer is a hossz\u00fa t\u00e1v\u00fa eg\u00e9szs\u00e9g \u00e9s j\u00f3 k\u00f6z\u00e9rzet el\u00e9r\u00e9s\u00e9hez. A szem\u00e9lyre szabott tervek \u00e9s a folyamatos t\u00e1mogat\u00e1s lehet\u0151v\u00e9 teszi, hogy k\u00f6nnyebben \u00e9s tart\u00f3sabban \u00e9rhesd el a c\u00e9ljaidat. Ak\u00e1r a mindennapjaid egyszer\u0171s\u00edt\u00e9s\u00e9n, ak\u00e1r konkr\u00e9t eg\u00e9szs\u00e9g\u00fcgyi probl\u00e9m\u00e1k megold\u00e1s\u00e1n dolgozol, az online t\u00e1pl\u00e1lkoz\u00e1si tan\u00e1csad\u00e1s rugalmas megold\u00e1st k\u00edn\u00e1l, magas sz\u00ednvonal\u00fa szakmai seg\u00edts\u00e9ggel.<\/p>\n\n\n\n<p>Kezdj bele m\u00e9g ma, \u00e9s tapasztald meg, hogyan seg\u00edthet a modern technol\u00f3gia az eg\u00e9szs\u00e9ged jav\u00edt\u00e1sa \u00e9rdek\u00e9ben! <a href=\"https:\/\/monikagungl.com\/online-ernaehrungscoaching\/#termin\" data-type=\"link\" data-id=\"https:\/\/monikagungl.com\/online-ernaehrungscoaching\/#termin\"> Foglalj egy ingyenes els\u0151 besz\u00e9lget\u00e9st most. <\/a><\/p>\n\n\n\n<h2 class=\"wp-block-heading\">Mi\u00e9rt \u00e9rdemes az Online T\u00e1pl\u00e1lkoz\u00e1si Tan\u00e1csad\u00e1st v\u00e1lasztani?<\/h2>\n\n\n\n<p>Egy olyan vil\u00e1gban, ahol az id\u0151 a leg\u00e9rt\u00e9kesebb, az online t\u00e1pl\u00e1lkoz\u00e1si tan\u00e1csad\u00e1s rugalmas \u00e9s el\u00e9rhet\u0151 megold\u00e1st k\u00edn\u00e1l t\u00e1pl\u00e1lkoz\u00e1si c\u00e9ljaid el\u00e9r\u00e9s\u00e9hez. Ez k\u00fcl\u00f6n\u00f6sen akkor ide\u00e1lis, ha:<\/p>\n\n\n\n<ul class=\"wp-block-list\">\n<li><strong>S\u0171r\u0171 id\u0151beoszt\u00e1sod van:<\/strong> A tan\u00e1csad\u00e1s alkalmazkodik a napirendedhez.<\/li>\n\n\n\n<li><strong>T\u00e1vol laksz vagy korl\u00e1tozott a mobilit\u00e1sod:<\/strong> B\u00e1rhonnan el\u00e9rheted a professzion\u00e1lis t\u00e1mogat\u00e1st.<\/li>\n\n\n\n<li><strong>Fontos sz\u00e1modra a diszkr\u00e9ci\u00f3:<\/strong> Otthonod k\u00e9nyelm\u00e9ben veheted ig\u00e9nybe a tan\u00e1csad\u00e1st, ami k\u00fcl\u00f6n\u00f6sen el\u0151ny\u00f6s lehet, ha a hagyom\u00e1nyos tan\u00e1csad\u00e1si helyzetek k\u00e9nyelmetlenek sz\u00e1modra.<\/li>\n\n\n\n<li><strong>Id\u0151t \u00e9s p\u00e9nzt szeretn\u00e9l sp\u00f3rolni:<\/strong> Elker\u00fclheted az utaz\u00e1ssal \u00e9s parkol\u00e1ssal j\u00e1r\u00f3 k\u00f6lts\u00e9geket \u00e9s stresszt. A tan\u00e1csad\u00e1s k\u00e9nyelmesen otthonr\u00f3l vagy az irod\u00e1db\u00f3l t\u00f6rt\u00e9nik.<\/li>\n<\/ul>\n\n\n\n<h2 class=\"wp-block-heading\">Milyen probl\u00e9m\u00e1kat oldhat meg az Online T\u00e1pl\u00e1lkoz\u00e1si Tan\u00e1csad\u00e1s?<\/h2>\n\n\n\n<p>Az online t\u00e1pl\u00e1lkoz\u00e1si tan\u00e1csad\u00e1s sz\u00e1mos eg\u00e9szs\u00e9ggel \u00e9s t\u00e1pl\u00e1lkoz\u00e1ssal kapcsolatos probl\u00e9m\u00e1ban ny\u00fajt seg\u00edts\u00e9get:<\/p>\n\n\n\n<ul class=\"wp-block-list\">\n<li><strong>Tests\u00falykezel\u00e9s:<\/strong> Eg\u00e9szs\u00e9ges fogy\u00e1s vagy h\u00edz\u00e1s t\u00e1mogat\u00e1sa.<\/li>\n\n\n\n<li><strong>\u00c9telintoleranci\u00e1k \u00e9s allergi\u00e1k:<\/strong> Olyan \u00e9trendek kidolgoz\u00e1sa, amelyek enyh\u00edtik a t\u00fcneteket.<\/li>\n\n\n\n<li><strong>Kr\u00f3nikus betegs\u00e9gek:<\/strong> T\u00e1pl\u00e1lkoz\u00e1si javaslatok cukorbetegs\u00e9g, magas v\u00e9rnyom\u00e1s, magas koleszterinszint \u00e9s m\u00e1s kr\u00f3nikus betegs\u00e9gek eset\u00e9n.<\/li>\n\n\n\n<li><strong>Em\u00e9szt\u00e9si probl\u00e9m\u00e1k:<\/strong> C\u00e9lzott t\u00e1pl\u00e1lkoz\u00e1ssal enyh\u00edthet\u0151 panaszok, p\u00e9ld\u00e1ul irrit\u00e1bilis b\u00e9l szindr\u00f3ma vagy gyomor\u00e9g\u00e9s.<\/li>\n\n\n\n<li><strong>Stresszkezel\u00e9s \u00e9s \u00e9rzelmi ev\u00e9s:<\/strong> Az \u00e9tkez\u00e9si szok\u00e1sok jav\u00edt\u00e1sa stressz vagy \u00e9rzelmi kih\u00edv\u00e1sok eset\u00e9n.<\/li>\n\n\n\n<li><strong>Eg\u00e9szs\u00e9gmeg\u0151rz\u00e9s:<\/strong> Prevenci\u00f3s int\u00e9zked\u00e9sek az \u00e1ltal\u00e1nos eg\u00e9szs\u00e9g jav\u00edt\u00e1sa \u00e9s fenntart\u00e1sa \u00e9rdek\u00e9ben.<\/li>\n<\/ul>\n\n\n\n<h2 class=\"wp-block-heading\">Hogyan m\u0171k\u00f6dik az Online T\u00e1pl\u00e1lkoz\u00e1si Tan\u00e1csad\u00e1s?<\/h2>\n\n\n\n<p>Az online t\u00e1pl\u00e1lkoz\u00e1si tan\u00e1csad\u00e1s folyamata egyszer\u0171 \u00e9s hat\u00e9kony:<\/p>\n\n\n\n<ol class=\"wp-block-list\">\n<li><strong>Els\u0151 konzult\u00e1ci\u00f3:<\/strong> Egy k\u00f6tetlen besz\u00e9lget\u00e9ssel kezdj\u00fck, ahol \u00e1tbesz\u00e9lj\u00fck a c\u00e9ljaidat \u00e9s kih\u00edv\u00e1saidat.<\/li>\n\n\n\n<li><strong>R\u00e9szletes elemz\u00e9s:<\/strong> R\u00e9szletesen elemezz\u00fck t\u00e1pl\u00e1lkoz\u00e1si szok\u00e1saidat, \u00e9letm\u00f3dodat \u00e9s eg\u00e9szs\u00e9gi el\u0151zm\u00e9nyeidet.<\/li>\n\n\n\n<li><strong>Egy\u00e9ni tervez\u00e9s:<\/strong> Az elemz\u00e9s alapj\u00e1n szem\u00e9lyre szabott \u00e9trendet dolgozok ki, amely k\u00f6nnyen beilleszthet\u0151 a mindennapjaidba.<\/li>\n\n\n\n<li><strong>Rendszeres konzult\u00e1ci\u00f3k:<\/strong> Rendszeresen tal\u00e1lkozunk online, hogy megbesz\u00e9lj\u00fck az eredm\u00e9nyeket \u00e9s sz\u00fcks\u00e9g szerint m\u00f3dos\u00edtsuk a tervet.<\/li>\n\n\n\n<li><strong>T\u00e1mogat\u00e1s a konzult\u00e1ci\u00f3k k\u00f6z\u00f6tt:<\/strong> B\u00e1rmikor kapcsolatba l\u00e9phetsz velem e-mailben vagy WhatsAppon, ha t\u00e1mogat\u00e1sra van sz\u00fcks\u00e9ged.<\/li>\n<\/ol>\n\n\n\n<h2 class=\"wp-block-heading\">Mire van sz\u00fcks\u00e9ged az Online T\u00e1pl\u00e1lkoz\u00e1si Tan\u00e1csad\u00e1shoz?<\/h2>\n\n\n\n<p>Az online tan\u00e1csad\u00e1son val\u00f3 r\u00e9szv\u00e9telhez az al\u00e1bbiakra lesz sz\u00fcks\u00e9ged:<\/p>\n\n\n\n<ul class=\"wp-block-list\">\n<li><strong>Internetes eszk\u00f6z:<\/strong> Egy sz\u00e1m\u00edt\u00f3g\u00e9p, tablet vagy okostelefon, valamint egy mikrofon \u00e9s kamera vide\u00f3h\u00edv\u00e1sokhoz.<\/li>\n\n\n\n<li><strong>Nyugodt k\u00f6rnyezet:<\/strong> Olyan helyet v\u00e1lassz, ahol zavartalanul r\u00e9szt vehetsz a konzult\u00e1ci\u00f3kon.<\/li>\n\n\n\n<li><strong>Elk\u00f6telezetts\u00e9g \u00e9s nyitotts\u00e1g:<\/strong> L\u00e9gy k\u00e9sz akt\u00edvan r\u00e9szt venni \u00e9s \u00faj megk\u00f6zel\u00edt\u00e9seket kipr\u00f3b\u00e1lni.<\/li>\n<\/ul>\n\n\n\n<h2 class=\"wp-block-heading\">Tapasztalatok \u00e9s sikert\u00f6rt\u00e9netek<\/h2>\n\n\n\n<p>Sz\u00e1mos \u00fcgyfelem \u00e9rt el leny\u0171g\u00f6z\u0151 eredm\u00e9nyeket az online t\u00e1pl\u00e1lkoz\u00e1si tan\u00e1csad\u00e1snak k\u00f6sz\u00f6nhet\u0151en:<\/p>\n\n\n\n<ul class=\"wp-block-list\">\n<li><strong>Esettanulm\u00e1ny \u2013 Stefan sikere:<\/strong> Stefan, egy elfoglalt \u00fczletember, t\u00fals\u00fallyal \u00e9s stresszel k\u00fczd\u00f6tt. Az online tan\u00e1csad\u00e1snak k\u00f6sz\u00f6nhet\u0151en rugalmas \u00e9trendet \u00e9p\u00edtett be mozgalmas h\u00e9tk\u00f6znapjaiba. Hat h\u00f3nap alatt 12 kg-ot fogyott, \u00e9s jelent\u0151s javul\u00e1st tapasztalt energiaszintj\u00e9ben \u00e9s koncentr\u00e1ci\u00f3s k\u00e9pess\u00e9g\u00e9ben. Stefan sikere annak k\u00f6sz\u00f6nhet\u0151, hogy az \u00e9trendi tan\u00e1csokat a mindennapjai r\u00e9sz\u00e9v\u00e9 tette, an\u00e9lk\u00fcl, hogy szakmai k\u00f6telezetts\u00e9geit fel kellett volna adnia.<\/li>\n\n\n\n<li><strong>2. Esettanulm\u00e1ny \u2013 Lisa \u00e1talakul\u00e1sa:<\/strong> Lisa \u00e9vek \u00f3ta em\u00e9szt\u00e9si probl\u00e9m\u00e1kkal k\u00fczd\u00f6tt, amelyek jelent\u0151sen rontott\u00e1k \u00e9letmin\u0151s\u00e9g\u00e9t. Az online tan\u00e1csad\u00e1s sor\u00e1n szem\u00e9lyre szabott \u00e9trendet kapott, amely figyelembe vette az \u00e9telintoleranci\u00e1it. M\u00e1r n\u00e9h\u00e1ny h\u00e9t eltelt\u00e9vel jelent\u0151s javul\u00e1st \u00e9rzett, \u00e9s \u00fajra panaszmentesen \u00e9tkezhetett. A folyamatos t\u00e1mogat\u00e1snak k\u00f6sz\u00f6nhet\u0151en Lisa hossz\u00fa t\u00e1von is fenntarthat\u00f3, eg\u00e9szs\u00e9ges t\u00e1pl\u00e1lkoz\u00e1si szok\u00e1sokat alak\u00edtott ki.<\/li>\n<\/ul>\n\n\n\n<h2 class=\"wp-block-heading\">Gyakran ism\u00e9telt k\u00e9rd\u00e9sek (GYIK) az Online T\u00e1pl\u00e1lkoz\u00e1si Tan\u00e1csad\u00e1ssal kapcsolatban<\/h2>\n\n\n\n<ol class=\"wp-block-list\">\n<li><strong>Hogyan m\u0171k\u00f6dik az online t\u00e1pl\u00e1lkoz\u00e1si tan\u00e1csad\u00e1s?<\/strong>\n<ul class=\"wp-block-list\">\n<li>Az els\u0151 ingyenes konzult\u00e1ci\u00f3 ut\u00e1n r\u00e9szletes elemz\u00e9st v\u00e9gz\u00fcnk az \u00e9trendedr\u0151l \u00e9s eg\u00e9szs\u00e9gi \u00e1llapotodr\u00f3l. Ez alapj\u00e1n k\u00e9sz\u00edtem el a szem\u00e9lyre szabott tervedet, \u00e9s rendszeresen tal\u00e1lkozunk online az el\u0151rehalad\u00e1sod megbesz\u00e9l\u00e9se \u00e9rdek\u00e9ben.<\/li>\n<\/ul>\n<\/li>\n\n\n\n<li><strong>Milyen technikai k\u00f6vetelm\u00e9nyek vannak?beratung (Ern\u00e4hrungscoaching)?<\/strong>\n<ul class=\"wp-block-list\">\n<li>Internetes eszk\u00f6zre, kamer\u00e1ra, mikrofonra \u00e9s egy csendes helyre lesz sz\u00fcks\u00e9ged.<\/li>\n<\/ul>\n<\/li>\n\n\n\n<li><strong>T\u00e9nyleg szem\u00e9lyre szabott a tan\u00e1csad\u00e1s?<\/strong>\n<ul class=\"wp-block-list\">\n<li>Igen, minden tervet az egy\u00e9ni sz\u00fcks\u00e9gleteidhez, eg\u00e9szs\u00e9gi c\u00e9ljaidhoz \u00e9s \u00e9letm\u00f3dodhoz igaz\u00edtok.<\/li>\n<\/ul>\n<\/li>\n\n\n\n<li><strong>Mennyire biztons\u00e1gosak az adataim?<\/strong>\n<ul class=\"wp-block-list\">\n<li>Az adataidat szigor\u00faan bizalmasan kezelem, \u00e9s biztons\u00e1gos kommunik\u00e1ci\u00f3s platformokon kereszt\u00fcl t\u00f6rt\u00e9nik az adatcsere.<\/li>\n<\/ul>\n<\/li>\n\n\n\n<li><strong>M\u00e1s id\u0151z\u00f3n\u00e1ban is ig\u00e9nybe vehet\u0151 a tan\u00e1csad\u00e1s?<\/strong>\n<ul class=\"wp-block-list\">\n<li>Igen, az id\u0151pontokat rugalmasan egyeztetj\u00fck, hogy megfeleljen az id\u0151z\u00f3n\u00e1dnak.<\/li>\n<\/ul>\n<\/li>\n\n\n\n<li><strong>Meddig tart a tan\u00e1csad\u00e1s?<\/strong>\n<ul class=\"wp-block-list\">\n<li>Az id\u0151tartam az egy\u00e9ni c\u00e9ljaidt\u00f3l f\u00fcgg. Vannak, akik n\u00e9h\u00e1ny h\u00f3nap alatt el\u00e9rik a c\u00e9ljukat, m\u00e1sok hosszabb t\u00e1v\u00fa t\u00e1mogat\u00e1st v\u00e1lasztanak.<\/li>\n<\/ul>\n<\/li>\n\n\n\n<li><strong>Mi t\u00f6rt\u00e9nik technikai probl\u00e9m\u00e1k eset\u00e9n?<\/strong>\n<ul class=\"wp-block-list\">\n<li>Ha technikai neh\u00e9zs\u00e9gek mer\u00fclnek fel, \u00e1tv\u00e1ltunk egy alternat\u00edv platformra, vagy \u00faj id\u0151pontot egyeztet\u00fcnk.<\/li>\n<\/ul>\n<\/li>\n\n\n\n<li><strong>Mennyibe ker\u00fcl az online t\u00e1pl\u00e1lkoz\u00e1si tan\u00e1csad\u00e1s?<\/strong>\n<ul class=\"wp-block-list\">\n<li>A k\u00f6lts\u00e9gek a tan\u00e1csad\u00e1s terjedelm\u00e9t\u0151l f\u00fcggnek. Az els\u0151 konzult\u00e1ci\u00f3 sor\u00e1n k\u00f6z\u00f6sen v\u00e1lasztjuk ki a sz\u00e1modra legmegfelel\u0151bb csomagot.<\/li>\n<\/ul>\n<\/li>\n<\/ol>\n\n\n\n<h2 class=\"wp-block-heading\">\u00d6sszegz\u00e9s<\/h2>\n\n\n\n<p>Az online t\u00e1pl\u00e1lkoz\u00e1si tan\u00e1csad\u00e1s ide\u00e1lis kombin\u00e1ci\u00f3ja a rugalmass\u00e1gnak, a k\u00e9nyelemnek \u00e9s az egy\u00e9ni t\u00e1mogat\u00e1snak. Lehet\u0151v\u00e9 teszi, hogy el\u00e9rd eg\u00e9szs\u00e9gi c\u00e9ljaidat an\u00e9lk\u00fcl, hogy lemondan\u00e1l a modern digit\u00e1lis vil\u00e1g ny\u00fajtotta el\u0151ny\u00f6kr\u0151l. Legyen sz\u00f3 fogy\u00e1sr\u00f3l, \u00e9letm\u00f3dv\u00e1lt\u00e1sr\u00f3l vagy specifikus eg\u00e9szs\u00e9g\u00fcgyi kih\u00edv\u00e1sok kezel\u00e9s\u00e9r\u0151l \u2013 az online t\u00e1pl\u00e1lkoz\u00e1si tan\u00e1csad\u00e1s megadja a sz\u00fcks\u00e9ges t\u00e1mogat\u00e1st.<\/p>\n\n\n\n<p><strong>Kezdj bele m\u00e9g ma egy olyan online t\u00e1pl\u00e1lkoz\u00e1si tan\u00e1csad\u00e1sba, amely pontosan az ig\u00e9nyeidhez igazodik, \u00e9s tapasztald meg, milyen egyszer\u0171 \u00e9s hat\u00e9kony lehet eg\u00e9szs\u00e9ged tart\u00f3s jav\u00edt\u00e1sa.<\/strong><a href=\"https:\/\/monikagungl.com\/online-ernaehrungscoaching\/#termin\" data-type=\"link\" data-id=\"https:\/\/monikagungl.com\/online-ernaehrungscoaching\/#termin\"> Foglalj egy ingyenes els\u0151 besz\u00e9lget\u00e9st most. <\/a><\/p>\n","protected":false},"excerpt":{"rendered":"<p>Az online t\u00e1pl\u00e1lkoz\u00e1si tan\u00e1csad\u00e1s forradalmas\u00edtja az eg\u00e9szs\u00e9gedet! Szem\u00e9lyre szabott tervek, maxim\u00e1lis rugalmass\u00e1g \u00e9s folyamatos t\u00e1mogat\u00e1s \u2013 b\u00e1rhonnan el\u00e9rhet\u0151!<\/p>\n","protected":false},"author":2,"featured_media":8732,"comment_status":"open","ping_status":"closed","sticky":false,"template":"","format":"standard","meta":{"_seopress_robots_primary_cat":"none","_seopress_titles_title":"Online T\u00e1pl\u00e1lkoz\u00e1si Tan\u00e1csad\u00e1s: Az Eg\u00e9szs\u00e9ged Forradalma","_seopress_titles_desc":"Forradalmas\u00edtsd az eg\u00e9szs\u00e9gedet online! Szem\u00e9lyre szabott t\u00e1pl\u00e1lkoz\u00e1si tan\u00e1csad\u00e1s b\u00e1rhonnan, b\u00e1rmikor. Egyszer\u0171, rugalmas \u00e9s hat\u00e9kony!","_seopress_robots_index":"","footnotes":""},"categories":[114,117,1],"tags":[],"class_list":["post-8343","post","type-post","status-publish","format-standard","has-post-thumbnail","hentry","category-ernaehrungsberatung-blog-hu","category-integralernaehrung-gesundheit-hu","category-unkategorisiert"],"meta_box":[],"_links":{"self":[{"href":"https:\/\/monikagungl.com\/hu\/wp-json\/wp\/v2\/posts\/8343","targetHints":{"allow":["GET"]}}],"collection":[{"href":"https:\/\/monikagungl.com\/hu\/wp-json\/wp\/v2\/posts"}],"about":[{"href":"https:\/\/monikagungl.com\/hu\/wp-json\/wp\/v2\/types\/post"}],"author":[{"embeddable":true,"href":"https:\/\/monikagungl.com\/hu\/wp-json\/wp\/v2\/users\/2"}],"replies":[{"embeddable":true,"href":"https:\/\/monikagungl.com\/hu\/wp-json\/wp\/v2\/comments?post=8343"}],"version-history":[{"count":2,"href":"https:\/\/monikagungl.com\/hu\/wp-json\/wp\/v2\/posts\/8343\/revisions"}],"predecessor-version":[{"id":8734,"href":"https:\/\/monikagungl.com\/hu\/wp-json\/wp\/v2\/posts\/8343\/revisions\/8734"}],"wp:featuredmedia":[{"embeddable":true,"href":"https:\/\/monikagungl.com\/hu\/wp-json\/wp\/v2\/media\/8732"}],"wp:attachment":[{"href":"https:\/\/monikagungl.com\/hu\/wp-json\/wp\/v2\/media?parent=8343"}],"wp:term":[{"taxonomy":"category","embeddable":true,"href":"https:\/\/monikagungl.com\/hu\/wp-json\/wp\/v2\/categories?post=8343"},{"taxonomy":"post_tag","embeddable":true,"href":"https:\/\/monikagungl.com\/hu\/wp-json\/wp\/v2\/tags?post=8343"}],"curies":[{"name":"wp","href":"https:\/\/api.w.org\/{rel}","templated":true}]}}